{"id":225,"date":"2023-07-18T15:35:59","date_gmt":"2023-07-18T15:35:59","guid":{"rendered":"https:\/\/kroliday.de\/?p=225"},"modified":"2024-06-27T20:47:11","modified_gmt":"2024-06-27T20:47:11","slug":"dags-mitglieder-reisten-nach-berlin","status":"publish","type":"post","link":"https:\/\/dags-schwalbach.de\/?p=225","title":{"rendered":"DAGS-Mitglieder reisten nach Berlin"},"content":{"rendered":"\n<p class=\"has-text-align-center\"><em>25 Mitglieder der Deutsch-Ausl\u00e4ndischen Gemeinschaft Schwalbach <br>waren bis gestern auf einer Studienreise in Berlin.<\/em><\/p>\n\n\n\n<figure class=\"wp-block-image size-large\"><img loading=\"lazy\" decoding=\"async\" width=\"1024\" height=\"768\" src=\"https:\/\/kroliday.de\/wp-content\/uploads\/2023\/07\/IMG_7774-1024x768.jpeg\" alt=\"\" class=\"wp-image-367\" srcset=\"https:\/\/dags-schwalbach.de\/wp-content\/uploads\/2023\/07\/IMG_7774-1024x768.jpeg 1024w, https:\/\/dags-schwalbach.de\/wp-content\/uploads\/2023\/07\/IMG_7774-300x225.jpeg 300w, https:\/\/dags-schwalbach.de\/wp-content\/uploads\/2023\/07\/IMG_7774-768x576.jpeg 768w, https:\/\/dags-schwalbach.de\/wp-content\/uploads\/2023\/07\/IMG_7774-1536x1152.jpeg 1536w, https:\/\/dags-schwalbach.de\/wp-content\/uploads\/2023\/07\/IMG_7774-2048x1536.jpeg 2048w\" sizes=\"auto, (max-width: 1024px) 100vw, 1024px\" \/><\/figure>\n\n\n\n<p><\/p>\n\n\n\n<p>Mehrere Ziele dort hatten politische Hintergr\u00fcnde: Ein besonderer H\u00f6hepunkt war der Besuch im Bundesinnenministerium. <br><br>Innenministerin Nancy Faeser nahm sich am Dienstag vergangener Woche f\u00fcr die erste Besuchergruppe aus ihrer Heimatstadt eine Stunde Zeit. Eine eindrucksvolle Darstellung ihrer \u201etypischen Aktivit\u00e4ten\u201c folgte. Sie gab einen Ausblick auf das Treffen der europ\u00e4ischen Innenminister, das zwei Tage sp\u00e4ter stattfand. Abschlie\u00dfend beantwortete sie Fragen.<\/p>\n\n\n\n<p><br><br>Ein Besuch mit Vortr\u00e4gen im Bundestag und eine Fragestunde mit B\u00fcromitarbeitern einer hessischen Bundestagsabgeordneten im Reichstagsgeb\u00e4ude folgte am Nachmittag.<br>An den darauffolgenden Tagen gab es auch Einblicke in die dunkleren Kapitel der deutschen Geschichte: Im \u201eBerlin Story Bunker\u201c war eine detaillierte Bild- und Textdokumentation \u00fcber die Entstehung des Nationalsozialismus, die Verbrechen jener Zeit und das Ende auch vieler Berliner bei der Flutung des Bunkers am 1. Mai 1945, zu sehen.<br><br>Auch die Gedenkst\u00e4tte Berliner Mauer sowie das Stasigef\u00e4ngnis in Hohensch\u00f6nhausen wurden besucht. Dort wurde auch der mehrere Jahre in Schwalbach wohnhafte, vielfach ausgezeichnete Autor Klaus Kordon gefangen gehalten.<br><br>Ein Kabarettabend sowie eine Variet\u00e9-Vorstellung verbanden die historisch-politischen mit den kulturellen Teilen der Reise \u2013 alles mit berlinerischem Witz und Charme kommentiert von Reiseleiterin Petra: Stadtrundfahrten, Besichtigung der Schl\u00f6sser von Potsdam, einiger Museen und des neuen Humboldt-Forums im Berliner Zentrum. <br><br>Zwei der knapp acht Tage in Berlin konnten individuell gestaltet werden.<br>Einen besonderen Abschluss erlebte die Schwalbacher Reisegruppe in einem wunderbar restaurierten Mietshaus im Bezirk Prenzlauer Berg mit Sektempfang und musikalischen Darbietungen von einigen der dort residierenden jungen Konzertmusikern.<br><\/p>\n\n\n\n\n\n\n\n\n\n\n\n\n\n\n\n\n\n\n\n\n\n\n\n\n\n\n\n\n\n\n\n\n\n\n\n\n\n\n\n\n\n\n\n\n\n\n","protected":false},"excerpt":{"rendered":"<p>25 Mitglieder der Deutsch-Ausl\u00e4ndischen Gemeinschaft Schwalbach waren bis gestern auf einer Studienreise in Berlin. Mehrere Ziele dort hatten politische Hintergr\u00fcnde: Ein besonderer H\u00f6hepunkt war der Besuch im Bundesinnenministerium. Innenministerin Nancy Faeser nahm sich am Dienstag vergangener Woche f\u00fcr die erste Besuchergruppe aus ihrer Heimatstadt eine Stunde Zeit. Eine eindrucksvolle Darstellung ihrer \u201etypischen Aktivit\u00e4ten\u201c folgte. Sie [&hellip;]<\/p>\n","protected":false},"author":1,"featured_media":226,"comment_status":"open","ping_status":"open","sticky":false,"template":"","format":"standard","meta":{"footnotes":""},"categories":[22],"tags":[],"class_list":["post-225","post","type-post","status-publish","format-standard","has-post-thumbnail","hentry","category-archiv-reisen"],"_links":{"self":[{"href":"https:\/\/dags-schwalbach.de\/index.php?rest_route=\/wp\/v2\/posts\/225","targetHints":{"allow":["GET"]}}],"collection":[{"href":"https:\/\/dags-schwalbach.de\/index.php?rest_route=\/wp\/v2\/posts"}],"about":[{"href":"https:\/\/dags-schwalbach.de\/index.php?rest_route=\/wp\/v2\/types\/post"}],"author":[{"embeddable":true,"href":"https:\/\/dags-schwalbach.de\/index.php?rest_route=\/wp\/v2\/users\/1"}],"replies":[{"embeddable":true,"href":"https:\/\/dags-schwalbach.de\/index.php?rest_route=%2Fwp%2Fv2%2Fcomments&post=225"}],"version-history":[{"count":12,"href":"https:\/\/dags-schwalbach.de\/index.php?rest_route=\/wp\/v2\/posts\/225\/revisions"}],"predecessor-version":[{"id":570,"href":"https:\/\/dags-schwalbach.de\/index.php?rest_route=\/wp\/v2\/posts\/225\/revisions\/570"}],"wp:featuredmedia":[{"embeddable":true,"href":"https:\/\/dags-schwalbach.de\/index.php?rest_route=\/wp\/v2\/media\/226"}],"wp:attachment":[{"href":"https:\/\/dags-schwalbach.de\/index.php?rest_route=%2Fwp%2Fv2%2Fmedia&parent=225"}],"wp:term":[{"taxonomy":"category","embeddable":true,"href":"https:\/\/dags-schwalbach.de\/index.php?rest_route=%2Fwp%2Fv2%2Fcategories&post=225"},{"taxonomy":"post_tag","embeddable":true,"href":"https:\/\/dags-schwalbach.de\/index.php?rest_route=%2Fwp%2Fv2%2Ftags&post=225"}],"curies":[{"name":"wp","href":"https:\/\/api.w.org\/{rel}","templated":true}]}}