{"id":240,"date":"2023-07-20T16:33:00","date_gmt":"2023-07-20T16:33:00","guid":{"rendered":"https:\/\/kroliday.de\/?p=240"},"modified":"2023-12-17T22:27:18","modified_gmt":"2023-12-17T22:27:18","slug":"lorem-ipsum-dolor-sit-amet","status":"publish","type":"post","link":"https:\/\/dags-schwalbach.de\/?p=240","title":{"rendered":"DAGS-Info-Projekt \/ Brief 138"},"content":{"rendered":"\n<p><strong>DAGS-Info-Projekt \/ Brief 138<\/strong><\/p>\n\n\n\n<p class=\"has-text-align-center\"><strong>Heute vor 513 Tagen startete Russland einen verbrecherischen Angriffskrieg gegen die Ukraine.<\/strong><\/p>\n\n\n\n<p><strong>\u201eMarkt der Vereine\u201c<\/strong> <\/p>\n\n\n\n<p>Prominenter Besuch am DAGS-Stand. In der Mitte Kreistagsvorsitzende Fritsch,<br>Landrat Cyriax, Staatsminister Wintermeyer mit Petra Rauer, Manuela Rodrigues, Waltraud Simon-Eckert, Margit H\u00fcsch sowie (links) Wolfgang Eckert und Wilfried H\u00fclsemann. <\/p>\n\n\n\n<p><\/p>\n\n\n\n<figure class=\"wp-block-image size-full is-resized\"><img loading=\"lazy\" decoding=\"async\" src=\"https:\/\/kroliday.de\/wp-content\/uploads\/2023\/07\/buergermeister.jpg\" alt=\"\" class=\"wp-image-245\" style=\"width:690px;height:503px\" width=\"690\" height=\"503\" srcset=\"https:\/\/dags-schwalbach.de\/wp-content\/uploads\/2023\/07\/buergermeister.jpg 810w, https:\/\/dags-schwalbach.de\/wp-content\/uploads\/2023\/07\/buergermeister-300x219.jpg 300w, https:\/\/dags-schwalbach.de\/wp-content\/uploads\/2023\/07\/buergermeister-768x559.jpg 768w\" sizes=\"auto, (max-width: 690px) 100vw, 690px\" \/><\/figure>\n\n\n\n<p>Foto: R.H\u00fclsemann<br>Rechtes Foto: B\u00fcrgermeister Immisch,<br>Erika L\u00fctzner-Lay, Thomas Royen<\/p>\n\n\n\n<p><\/p>\n\n\n\n<p><\/p>\n\n\n\n<p><\/p>\n\n\n\n<p><\/p>\n","protected":false},"excerpt":{"rendered":"<p>DAGS-Info-Projekt \/ Brief 138 Heute vor 513 Tagen startete Russland einen verbrecherischen Angriffskrieg gegen die Ukraine. \u201eMarkt der Vereine\u201c Prominenter Besuch am DAGS-Stand. In der Mitte Kreistagsvorsitzende Fritsch,Landrat Cyriax, Staatsminister Wintermeyer mit Petra Rauer, Manuela Rodrigues, Waltraud Simon-Eckert, Margit H\u00fcsch sowie (links) Wolfgang Eckert und Wilfried H\u00fclsemann. Foto: R.H\u00fclsemannRechtes Foto: B\u00fcrgermeister Immisch,Erika L\u00fctzner-Lay, Thomas Royen<\/p>\n","protected":false},"author":1,"featured_media":242,"comment_status":"open","ping_status":"open","sticky":false,"template":"","format":"standard","meta":{"footnotes":""},"categories":[21],"tags":[],"class_list":["post-240","post","type-post","status-publish","format-standard","has-post-thumbnail","hentry","category-archiv-info-briefe"],"_links":{"self":[{"href":"https:\/\/dags-schwalbach.de\/index.php?rest_route=\/wp\/v2\/posts\/240","targetHints":{"allow":["GET"]}}],"collection":[{"href":"https:\/\/dags-schwalbach.de\/index.php?rest_route=\/wp\/v2\/posts"}],"about":[{"href":"https:\/\/dags-schwalbach.de\/index.php?rest_route=\/wp\/v2\/types\/post"}],"author":[{"embeddable":true,"href":"https:\/\/dags-schwalbach.de\/index.php?rest_route=\/wp\/v2\/users\/1"}],"replies":[{"embeddable":true,"href":"https:\/\/dags-schwalbach.de\/index.php?rest_route=%2Fwp%2Fv2%2Fcomments&post=240"}],"version-history":[{"count":10,"href":"https:\/\/dags-schwalbach.de\/index.php?rest_route=\/wp\/v2\/posts\/240\/revisions"}],"predecessor-version":[{"id":436,"href":"https:\/\/dags-schwalbach.de\/index.php?rest_route=\/wp\/v2\/posts\/240\/revisions\/436"}],"wp:featuredmedia":[{"embeddable":true,"href":"https:\/\/dags-schwalbach.de\/index.php?rest_route=\/wp\/v2\/media\/242"}],"wp:attachment":[{"href":"https:\/\/dags-schwalbach.de\/index.php?rest_route=%2Fwp%2Fv2%2Fmedia&parent=240"}],"wp:term":[{"taxonomy":"category","embeddable":true,"href":"https:\/\/dags-schwalbach.de\/index.php?rest_route=%2Fwp%2Fv2%2Fcategories&post=240"},{"taxonomy":"post_tag","embeddable":true,"href":"https:\/\/dags-schwalbach.de\/index.php?rest_route=%2Fwp%2Fv2%2Ftags&post=240"}],"curies":[{"name":"wp","href":"https:\/\/api.w.org\/{rel}","templated":true}]}}