{"id":296,"date":"2023-01-02T08:38:00","date_gmt":"2023-01-02T08:38:00","guid":{"rendered":"https:\/\/kroliday.de\/?p=296"},"modified":"2023-12-17T22:31:10","modified_gmt":"2023-12-17T22:31:10","slug":"rueckblick-auf-die-dags-silvesterfeier-im-buergerhaus","status":"publish","type":"post","link":"https:\/\/dags-schwalbach.de\/?p=296","title":{"rendered":"R\u00fcckblick auf die DAGS-Silvesterfeier im B\u00fcrgerhaus"},"content":{"rendered":"\n<p><strong>R\u00fcckblick auf die DAGS-Silvesterfeier im B\u00fcrgerhaus<\/strong><\/p>\n\n\n\n<p>Ab 19 Uhr am Silvesterabend bis in die fr\u00fchen Stunden des Neujahrsmorgens feierten vierzehn DAGSe im B\u00fcrgerhaus (Raum 9\/10) gemeinsam in das neue Jahr hinein. Alle Mitfeiernden hatten Spezialit\u00e4ten f\u00fcr das B\u00fcfett mitgebracht, das \u00dcbrige wurde zentral eingekauft.<\/p>\n\n\n\n<p>Wolfgang Eckert und das Organisationsteam hatten alles sehr gut vorbereitet, die Stimmung war entsprechend gut. Die Weichen sind deshalb auch schon gestellt f\u00fcr eine Neuauflage im kommenden Dezember.&nbsp;<\/p>\n","protected":false},"excerpt":{"rendered":"<p>R\u00fcckblick auf die DAGS-Silvesterfeier im B\u00fcrgerhaus Ab 19 Uhr am Silvesterabend bis in die fr\u00fchen Stunden des Neujahrsmorgens feierten vierzehn DAGSe im B\u00fcrgerhaus (Raum 9\/10) gemeinsam in das neue Jahr hinein. Alle Mitfeiernden hatten Spezialit\u00e4ten f\u00fcr das B\u00fcfett mitgebracht, das \u00dcbrige wurde zentral eingekauft. Wolfgang Eckert und das Organisationsteam hatten alles sehr gut vorbereitet, die [&hellip;]<\/p>\n","protected":false},"author":1,"featured_media":298,"comment_status":"open","ping_status":"open","sticky":false,"template":"","format":"standard","meta":{"footnotes":""},"categories":[19],"tags":[],"class_list":["post-296","post","type-post","status-publish","format-standard","has-post-thumbnail","hentry","category-archiv-veranstaltungen"],"_links":{"self":[{"href":"https:\/\/dags-schwalbach.de\/index.php?rest_route=\/wp\/v2\/posts\/296","targetHints":{"allow":["GET"]}}],"collection":[{"href":"https:\/\/dags-schwalbach.de\/index.php?rest_route=\/wp\/v2\/posts"}],"about":[{"href":"https:\/\/dags-schwalbach.de\/index.php?rest_route=\/wp\/v2\/types\/post"}],"author":[{"embeddable":true,"href":"https:\/\/dags-schwalbach.de\/index.php?rest_route=\/wp\/v2\/users\/1"}],"replies":[{"embeddable":true,"href":"https:\/\/dags-schwalbach.de\/index.php?rest_route=%2Fwp%2Fv2%2Fcomments&post=296"}],"version-history":[{"count":1,"href":"https:\/\/dags-schwalbach.de\/index.php?rest_route=\/wp\/v2\/posts\/296\/revisions"}],"predecessor-version":[{"id":297,"href":"https:\/\/dags-schwalbach.de\/index.php?rest_route=\/wp\/v2\/posts\/296\/revisions\/297"}],"wp:featuredmedia":[{"embeddable":true,"href":"https:\/\/dags-schwalbach.de\/index.php?rest_route=\/wp\/v2\/media\/298"}],"wp:attachment":[{"href":"https:\/\/dags-schwalbach.de\/index.php?rest_route=%2Fwp%2Fv2%2Fmedia&parent=296"}],"wp:term":[{"taxonomy":"category","embeddable":true,"href":"https:\/\/dags-schwalbach.de\/index.php?rest_route=%2Fwp%2Fv2%2Fcategories&post=296"},{"taxonomy":"post_tag","embeddable":true,"href":"https:\/\/dags-schwalbach.de\/index.php?rest_route=%2Fwp%2Fv2%2Ftags&post=296"}],"curies":[{"name":"wp","href":"https:\/\/api.w.org\/{rel}","templated":true}]}}