{"id":320,"date":"2023-03-17T09:58:00","date_gmt":"2023-03-17T09:58:00","guid":{"rendered":"https:\/\/kroliday.de\/?p=320"},"modified":"2024-06-27T20:46:17","modified_gmt":"2024-06-27T20:46:17","slug":"dags-info-projekt-brief-134","status":"publish","type":"post","link":"https:\/\/dags-schwalbach.de\/?p=320","title":{"rendered":"DAGS-Info-Projekt \/ Brief 134"},"content":{"rendered":"\n<p><strong>DAGS-Info-Projekt \/ Brief 134<\/strong><\/p>\n\n\n\n<p class=\"has-text-align-center\"><strong>Heute vor&nbsp; &nbsp;387 Tagen &nbsp;&nbsp;startete Russland einen verbrecherischen Angriffskrieg gegen die Ukraine.<\/strong><\/p>\n\n\n\n<p><strong>Beeindruckendes Solidarit\u00e4tskonzert f\u00fcr die Ukraine<\/strong><\/p>\n\n\n\n<figure class=\"wp-block-image size-large\"><img loading=\"lazy\" decoding=\"async\" width=\"1024\" height=\"824\" src=\"https:\/\/kroliday.de\/wp-content\/uploads\/2023\/03\/IMG_7011-1024x824.jpeg\" alt=\"\" class=\"wp-image-407\" srcset=\"https:\/\/dags-schwalbach.de\/wp-content\/uploads\/2023\/03\/IMG_7011-1024x824.jpeg 1024w, https:\/\/dags-schwalbach.de\/wp-content\/uploads\/2023\/03\/IMG_7011-300x242.jpeg 300w, https:\/\/dags-schwalbach.de\/wp-content\/uploads\/2023\/03\/IMG_7011-768x618.jpeg 768w, https:\/\/dags-schwalbach.de\/wp-content\/uploads\/2023\/03\/IMG_7011-1536x1237.jpeg 1536w, https:\/\/dags-schwalbach.de\/wp-content\/uploads\/2023\/03\/IMG_7011-2048x1649.jpeg 2048w\" sizes=\"auto, (max-width: 1024px) 100vw, 1024px\" \/><\/figure>\n\n\n\n<p><strong>Das Beste kam zum Schluss \u2013 Musiker und Fl\u00fcchtlinge performen <em>\u201eSlawa Ukrajini\u201c<\/em><\/strong><\/p>\n\n\n\n<p>Initiator und Moderator G\u00fcnter Pabst war w\u00e4hrend seiner Dankesworte so ger\u00fchrt, dass ihm fast die Stimme versagte, als er die anwesenden ukrainischen Fl\u00fcchtlinge einlud, zu den Musikern auf die B\u00fchne zu kommen. Das war f\u00fcr die traumatisierten Fl\u00fcchtlinge Balsam auf ihre Seelen. Ihr Kampf um das \u00dcberleben als Nation und gegen die Aggressoren erfordert offensichtlich ein solches Quantum an gezeigtem Nationalstolz.<\/p>\n\n\n\n<p>Das <em>Slawa Ukrajini<\/em> wurde bereits vom Nationaldichter <a href=\"https:\/\/de.wikipedia.org\/wiki\/Taras_Schewtschenko\">Taras Schewtschenko<\/a> verwendet. In seinem 1840 verfassten Gedicht \u201eF\u00fcr <a href=\"https:\/\/de.wikipedia.org\/wiki\/Hryhorij_Kwitka-Osnowjanenko\">Osnowjanenko<\/a>\u201c (\u0414\u043e \u041e\u0441\u043d\u043e\u0432&#8217;\u044f\u043d\u0435\u043d\u043a\u0430) schrieb er:<a href=\"https:\/\/de.wikipedia.org\/wiki\/Ruhm_der_Ukraine#cite_note-5\"><sup>[5]<\/sup><\/a><\/p>\n\n\n\n<p><em>Unser Seele, unser Lied<\/em><\/p>\n\n\n\n<p><em>wird nicht sterben, wird nicht verschwinden \u2026<\/em><\/p>\n\n\n\n<p><em>Darin, Leute, liegt unser Ruhm<\/em><\/p>\n\n\n\n<p><em>Ruhm der Ukraine!<\/em><\/p>\n\n\n\n<p>Quelle: <a href=\"https:\/\/de.wikipedia.org\/wiki\/Ruhm_der_Ukraine\">https:\/\/de.wikipedia.org\/wiki\/Ruhm_der_Ukraine<\/a><\/p>\n\n\n\n<p>Beim DAGS-Treff am 14. Februar entstand der Impuls, die Fl\u00fcchtlinge kostenlos an dem Konzert teilnehmen zu lassen \u2013 r\u00fcckblickend betrachtet eine sehr gute Idee von der Basis eines der vielen Mitveranstalter, die die CJZ an Bord geholt hatte. &nbsp;&nbsp;<\/p>\n\n\n\n<p>Alles andere zu dem Konzert hat das H\u00f6chster Kreisblatt sehr ausf\u00fchrlich berichtet (siehe Anlage 1 dieses Briefes).<\/p>\n\n\n\n<p>Anlage 2: Termine (Dank an Anne f\u00fcr Ideen und Vorlagen f\u00fcr ein neues Format)<\/p>\n\n\n\n<figure class=\"wp-block-image size-large is-resized\"><img loading=\"lazy\" decoding=\"async\" src=\"https:\/\/kroliday.de\/wp-content\/uploads\/2023\/09\/IMG_7214-727x1024.jpg\" alt=\"\" class=\"wp-image-411\" style=\"width:819px;height:1154px\" width=\"819\" height=\"1154\" srcset=\"https:\/\/dags-schwalbach.de\/wp-content\/uploads\/2023\/09\/IMG_7214-727x1024.jpg 727w, https:\/\/dags-schwalbach.de\/wp-content\/uploads\/2023\/09\/IMG_7214-213x300.jpg 213w, https:\/\/dags-schwalbach.de\/wp-content\/uploads\/2023\/09\/IMG_7214-768x1082.jpg 768w, https:\/\/dags-schwalbach.de\/wp-content\/uploads\/2023\/09\/IMG_7214-1090x1536.jpg 1090w, https:\/\/dags-schwalbach.de\/wp-content\/uploads\/2023\/09\/IMG_7214-1453x2048.jpg 1453w, https:\/\/dags-schwalbach.de\/wp-content\/uploads\/2023\/09\/IMG_7214-scaled.jpg 1816w\" sizes=\"auto, (max-width: 819px) 100vw, 819px\" \/><\/figure>\n\n\n\n<p class=\"has-text-align-center\"><strong> <\/strong><\/p>\n\n\n\n<p><\/p>\n","protected":false},"excerpt":{"rendered":"<p>DAGS-Info-Projekt \/ Brief 134 Heute vor&nbsp; &nbsp;387 Tagen &nbsp;&nbsp;startete Russland einen verbrecherischen Angriffskrieg gegen die Ukraine. Beeindruckendes Solidarit\u00e4tskonzert f\u00fcr die Ukraine Das Beste kam zum Schluss \u2013 Musiker und Fl\u00fcchtlinge performen \u201eSlawa Ukrajini\u201c Initiator und Moderator G\u00fcnter Pabst war w\u00e4hrend seiner Dankesworte so ger\u00fchrt, dass ihm fast die Stimme versagte, als er die anwesenden ukrainischen [&hellip;]<\/p>\n","protected":false},"author":1,"featured_media":321,"comment_status":"open","ping_status":"open","sticky":false,"template":"","format":"standard","meta":{"footnotes":""},"categories":[21],"tags":[],"class_list":["post-320","post","type-post","status-publish","format-standard","has-post-thumbnail","hentry","category-archiv-info-briefe"],"_links":{"self":[{"href":"https:\/\/dags-schwalbach.de\/index.php?rest_route=\/wp\/v2\/posts\/320","targetHints":{"allow":["GET"]}}],"collection":[{"href":"https:\/\/dags-schwalbach.de\/index.php?rest_route=\/wp\/v2\/posts"}],"about":[{"href":"https:\/\/dags-schwalbach.de\/index.php?rest_route=\/wp\/v2\/types\/post"}],"author":[{"embeddable":true,"href":"https:\/\/dags-schwalbach.de\/index.php?rest_route=\/wp\/v2\/users\/1"}],"replies":[{"embeddable":true,"href":"https:\/\/dags-schwalbach.de\/index.php?rest_route=%2Fwp%2Fv2%2Fcomments&post=320"}],"version-history":[{"count":5,"href":"https:\/\/dags-schwalbach.de\/index.php?rest_route=\/wp\/v2\/posts\/320\/revisions"}],"predecessor-version":[{"id":569,"href":"https:\/\/dags-schwalbach.de\/index.php?rest_route=\/wp\/v2\/posts\/320\/revisions\/569"}],"wp:featuredmedia":[{"embeddable":true,"href":"https:\/\/dags-schwalbach.de\/index.php?rest_route=\/wp\/v2\/media\/321"}],"wp:attachment":[{"href":"https:\/\/dags-schwalbach.de\/index.php?rest_route=%2Fwp%2Fv2%2Fmedia&parent=320"}],"wp:term":[{"taxonomy":"category","embeddable":true,"href":"https:\/\/dags-schwalbach.de\/index.php?rest_route=%2Fwp%2Fv2%2Fcategories&post=320"},{"taxonomy":"post_tag","embeddable":true,"href":"https:\/\/dags-schwalbach.de\/index.php?rest_route=%2Fwp%2Fv2%2Ftags&post=320"}],"curies":[{"name":"wp","href":"https:\/\/api.w.org\/{rel}","templated":true}]}}