{"id":324,"date":"2023-06-30T10:04:00","date_gmt":"2023-06-30T10:04:00","guid":{"rendered":"https:\/\/kroliday.de\/?p=324"},"modified":"2023-09-23T10:04:41","modified_gmt":"2023-09-23T10:04:41","slug":"dags-info-projekt-brief-137","status":"publish","type":"post","link":"https:\/\/dags-schwalbach.de\/?p=324","title":{"rendered":"DAGS-Info-Projekt\u00a0\/ Brief 137\u00a0"},"content":{"rendered":"\n<p><strong>DAGS-Info-Projekt\u00a0\/ Brief 137<\/strong><\/p>\n\n\n\n<p class=\"has-text-align-center\"><strong>Heute vor\u00a0 \u00a0493 Tagen \u00a0\u00a0startete Russland einen verbrecherischen Angriffskrieg gegen die Ukraine.<\/strong><\/p>\n\n\n\n<figure class=\"wp-block-image size-full\"><img loading=\"lazy\" decoding=\"async\" width=\"441\" height=\"622\" src=\"https:\/\/kroliday.de\/wp-content\/uploads\/2023\/09\/Markt-der-Vereine-im-Landratsamt-Artikel-20230629.jpg\" alt=\"\" class=\"wp-image-325\" srcset=\"https:\/\/dags-schwalbach.de\/wp-content\/uploads\/2023\/09\/Markt-der-Vereine-im-Landratsamt-Artikel-20230629.jpg 441w, https:\/\/dags-schwalbach.de\/wp-content\/uploads\/2023\/09\/Markt-der-Vereine-im-Landratsamt-Artikel-20230629-213x300.jpg 213w\" sizes=\"auto, (max-width: 441px) 100vw, 441px\" \/><\/figure>\n\n\n\n<p>Die DAGS geh\u00f6rte zu den ersten Vereinen, die sich im Herbst 2022 f\u00fcr den \u201cMarkt der Vereine\u201c am \u00a08. Juli 2023 angemeldet hatten.<\/p>\n\n\n\n<p>Schlie\u00dflich sind wir sehr zufrieden mit der ehrenamtlichen Arbeit, die wir leisten \u2013 seit 1988!<\/p>\n\n\n\n<figure class=\"wp-block-image size-full is-resized\"><img loading=\"lazy\" decoding=\"async\" src=\"https:\/\/kroliday.de\/wp-content\/uploads\/2023\/09\/DAGS-LOGO-02.jpg\" alt=\"\" class=\"wp-image-326\" style=\"width:578px;height:169px\" width=\"578\" height=\"169\"\/><\/figure>\n\n\n\n<p>An unserem Stand verkaufen wir das Schwalbach-Buch, verteilen unsere Flyer und k\u00f6nnen von vielem erz\u00e4hlen \u2013 auch vom Besuch bei unserem ber\u00fchmtesten Mitglied, der Innenministerin Nancy Faeser.<\/p>\n\n\n\n<p>Wir wollen aber auch auf dem Gel\u00e4nde selbst herumgehen und aktiv nach neuen Ideen und interessanten Leuten bei anderen Vereinen suchen.<\/p>\n\n\n\n<p>So k\u00f6nnte es ablaufen: R\u00f3zsa und Wilfried laden gegen 11.30 Uhr im Innenhof unser Material aus. Wer m\u00f6chte dann auch schon dabei sein?<\/p>\n\n\n\n<figure class=\"wp-block-image size-full is-resized\"><img loading=\"lazy\" decoding=\"async\" src=\"https:\/\/kroliday.de\/wp-content\/uploads\/2023\/09\/Willkommen-in-BMI.jpg\" alt=\"\" class=\"wp-image-327\" style=\"width:558px;height:234px\" width=\"558\" height=\"234\"\/><\/figure>\n\n\n\n<p>F\u00fcr 13 Uhr hatten sich au\u00dferdem eingetragen: Manuela, Margit, Waltraud, Wolfgang.<\/p>\n\n\n\n<p>F\u00fcr \u201eab ca. 15 Uhr\u201c: Erika, Monika (?), Hans, Thomas. Petra Rauer kommt auch noch dazu, Zeit noch offen.<\/p>\n\n\n\n<p>Kostenloses Parken in der Tiefgarage!<\/p>\n\n\n\n<p>Allen DAGSen und Freunden unseres Vereins, die bereits in Urlaub sind:<\/p>\n\n\n\n<p>Gute Erholung, interessante Erlebnisse und<\/p>\n\n\n\n<p>\u201ebis zum n\u00e4chsten Zusammentreffen\u201c!<\/p>\n\n\n\n<p>Alles Gute, Wilfried H\u00fclsemann<\/p>\n","protected":false},"excerpt":{"rendered":"<p>DAGS-Info-Projekt\u00a0\/ Brief 137 Heute vor\u00a0 \u00a0493 Tagen \u00a0\u00a0startete Russland einen verbrecherischen Angriffskrieg gegen die Ukraine. Die DAGS geh\u00f6rte zu den ersten Vereinen, die sich im Herbst 2022 f\u00fcr den \u201cMarkt der Vereine\u201c am \u00a08. Juli 2023 angemeldet hatten. Schlie\u00dflich sind wir sehr zufrieden mit der ehrenamtlichen Arbeit, die wir leisten \u2013 seit 1988! An unserem [&hellip;]<\/p>\n","protected":false},"author":1,"featured_media":0,"comment_status":"open","ping_status":"open","sticky":false,"template":"","format":"standard","meta":{"footnotes":""},"categories":[1],"tags":[],"class_list":["post-324","post","type-post","status-publish","format-standard","hentry","category-start"],"_links":{"self":[{"href":"https:\/\/dags-schwalbach.de\/index.php?rest_route=\/wp\/v2\/posts\/324","targetHints":{"allow":["GET"]}}],"collection":[{"href":"https:\/\/dags-schwalbach.de\/index.php?rest_route=\/wp\/v2\/posts"}],"about":[{"href":"https:\/\/dags-schwalbach.de\/index.php?rest_route=\/wp\/v2\/types\/post"}],"author":[{"embeddable":true,"href":"https:\/\/dags-schwalbach.de\/index.php?rest_route=\/wp\/v2\/users\/1"}],"replies":[{"embeddable":true,"href":"https:\/\/dags-schwalbach.de\/index.php?rest_route=%2Fwp%2Fv2%2Fcomments&post=324"}],"version-history":[{"count":1,"href":"https:\/\/dags-schwalbach.de\/index.php?rest_route=\/wp\/v2\/posts\/324\/revisions"}],"predecessor-version":[{"id":328,"href":"https:\/\/dags-schwalbach.de\/index.php?rest_route=\/wp\/v2\/posts\/324\/revisions\/328"}],"wp:attachment":[{"href":"https:\/\/dags-schwalbach.de\/index.php?rest_route=%2Fwp%2Fv2%2Fmedia&parent=324"}],"wp:term":[{"taxonomy":"category","embeddable":true,"href":"https:\/\/dags-schwalbach.de\/index.php?rest_route=%2Fwp%2Fv2%2Fcategories&post=324"},{"taxonomy":"post_tag","embeddable":true,"href":"https:\/\/dags-schwalbach.de\/index.php?rest_route=%2Fwp%2Fv2%2Ftags&post=324"}],"curies":[{"name":"wp","href":"https:\/\/api.w.org\/{rel}","templated":true}]}}