{"id":355,"date":"2023-09-11T10:40:00","date_gmt":"2023-09-11T10:40:00","guid":{"rendered":"https:\/\/kroliday.de\/?p=355"},"modified":"2024-06-27T20:44:54","modified_gmt":"2024-06-27T20:44:54","slug":"september-1973-11-september-2001","status":"publish","type":"post","link":"https:\/\/dags-schwalbach.de\/?p=355","title":{"rendered":"September 1973 \u2013 11. September 2001"},"content":{"rendered":"\n<p><strong>September 1973 \u2013 11. September 2001<\/strong><br>Heute vor 50 Jahren, am 11. September 1973 kam es mit Unterst\u00fctzung der CIA zu einem<br>blutigen Milit\u00e4rputsch gegen die chilenische Regierung. Der demokratisch gew\u00e4hlte Pr\u00e4si-<br>dent Allende beging im Pr\u00e4sidentenpalast Selbstmord. Hunderte seiner Anh\u00e4nger kamen in<br>diesen Tagen ums Leben, Tausende wurden inhaftiert. S\u00e4mtliche staatlichen Institutionen in<br>ganz Chile wurden binnen Stunden vom Milit\u00e4r besetzt. Die Macht als Pr\u00e4sident einer Junta<br>\u00fcbernahm General Augusto Pinochet.<\/p>\n\n\n\n<p><br>\u00dcberall im Lande errichtete das Milit\u00e4r in der Folgezeit Geheimgef\u00e4ngnisse, wo Oppositio-<br>nelle und deren Sympathisanten nicht selten zu Tode gefoltert wurden. Tausende Chilenen<br>gingen wegen der fortgesetzten Menschenrechtsverletzungen ins Exil, viele von Ihnen kamen<br>ins Rhein-Main-Gebiet.<\/p>\n\n\n\n<p><br>Die Milit\u00e4rdiktatur dauerte mehr als 15 Jahre, der Einfluss Pinochet war jedoch auch noch<br>Anfang dieses Jahrtausends sp\u00fcrbar.<\/p>\n\n\n\n<p><br>Vor 22 Jahren wurden in New York die T\u00fcrme des World Trade Centers mithilfe von ge-<br>kaperten Verkehrsflugzeugen zerst\u00f6rt. \u00dcber 3.000 Menschen starben. Die Terrororganisa-<br>tion \u201eAl Kaida\u201c, gef\u00fchrt von Osama Bin Laden, hatte diesen Anschlag ver\u00fcbt.<\/p>\n\n\n\n<p><br>In der Folge begann der Krieg der NATO gegen die Regierung der Taliban in Afghanistan,<br>wo Osama Bin Laden sich damals aufgehalten hatte. Osama Bin Laden wurde in Pakistan von<br>einem amerikanischen Kommando get\u00f6tet. Im Sommer 2023 gelangten jedoch die Taliban<br>erneut an die Macht und insbesondere M\u00e4dchen und Frauen werden jetzt wieder unterdr\u00fcckt<\/p>\n\n\n\n<ol class=\"wp-block-list\" start=\"11\">\n<li><\/li>\n<\/ol>\n","protected":false},"excerpt":{"rendered":"<p>September 1973 \u2013 11. September 2001Heute vor 50 Jahren, am 11. September 1973 kam es mit Unterst\u00fctzung der CIA zu einemblutigen Milit\u00e4rputsch gegen die chilenische Regierung. Der demokratisch gew\u00e4hlte Pr\u00e4si-dent Allende beging im Pr\u00e4sidentenpalast Selbstmord. Hunderte seiner Anh\u00e4nger kamen indiesen Tagen ums Leben, Tausende wurden inhaftiert. S\u00e4mtliche staatlichen Institutionen inganz Chile wurden binnen Stunden vom [&hellip;]<\/p>\n","protected":false},"author":1,"featured_media":357,"comment_status":"open","ping_status":"open","sticky":false,"template":"","format":"standard","meta":{"footnotes":""},"categories":[9],"tags":[],"class_list":["post-355","post","type-post","status-publish","format-standard","has-post-thumbnail","hentry","category-archiv"],"_links":{"self":[{"href":"https:\/\/dags-schwalbach.de\/index.php?rest_route=\/wp\/v2\/posts\/355","targetHints":{"allow":["GET"]}}],"collection":[{"href":"https:\/\/dags-schwalbach.de\/index.php?rest_route=\/wp\/v2\/posts"}],"about":[{"href":"https:\/\/dags-schwalbach.de\/index.php?rest_route=\/wp\/v2\/types\/post"}],"author":[{"embeddable":true,"href":"https:\/\/dags-schwalbach.de\/index.php?rest_route=\/wp\/v2\/users\/1"}],"replies":[{"embeddable":true,"href":"https:\/\/dags-schwalbach.de\/index.php?rest_route=%2Fwp%2Fv2%2Fcomments&post=355"}],"version-history":[{"count":1,"href":"https:\/\/dags-schwalbach.de\/index.php?rest_route=\/wp\/v2\/posts\/355\/revisions"}],"predecessor-version":[{"id":356,"href":"https:\/\/dags-schwalbach.de\/index.php?rest_route=\/wp\/v2\/posts\/355\/revisions\/356"}],"wp:featuredmedia":[{"embeddable":true,"href":"https:\/\/dags-schwalbach.de\/index.php?rest_route=\/wp\/v2\/media\/357"}],"wp:attachment":[{"href":"https:\/\/dags-schwalbach.de\/index.php?rest_route=%2Fwp%2Fv2%2Fmedia&parent=355"}],"wp:term":[{"taxonomy":"category","embeddable":true,"href":"https:\/\/dags-schwalbach.de\/index.php?rest_route=%2Fwp%2Fv2%2Fcategories&post=355"},{"taxonomy":"post_tag","embeddable":true,"href":"https:\/\/dags-schwalbach.de\/index.php?rest_route=%2Fwp%2Fv2%2Ftags&post=355"}],"curies":[{"name":"wp","href":"https:\/\/api.w.org\/{rel}","templated":true}]}}