{"id":417,"date":"2023-09-03T12:44:14","date_gmt":"2023-09-03T12:44:14","guid":{"rendered":"https:\/\/kroliday.de\/?p=417"},"modified":"2023-09-23T12:47:09","modified_gmt":"2023-09-23T12:47:09","slug":"schwalbacher-interkulturelles-marktplatzfest-2023-super","status":"publish","type":"post","link":"https:\/\/dags-schwalbach.de\/?p=417","title":{"rendered":"Schwalbacher Interkulturelles Marktplatzfest 2023 \u2013 super!"},"content":{"rendered":"\n<p><strong>Schwalbacher Interkulturelles Marktplatzfest 2023 \u2013 super!<\/strong><\/p>\n\n\n\n<figure class=\"wp-block-image size-full is-resized\"><img loading=\"lazy\" decoding=\"async\" src=\"https:\/\/kroliday.de\/wp-content\/uploads\/2023\/09\/IKM-2023-ohne-nummer.png\" alt=\"\" class=\"wp-image-418\" style=\"width:825px;height:368px\" width=\"825\" height=\"368\" srcset=\"https:\/\/dags-schwalbach.de\/wp-content\/uploads\/2023\/09\/IKM-2023-ohne-nummer.png 603w, https:\/\/dags-schwalbach.de\/wp-content\/uploads\/2023\/09\/IKM-2023-ohne-nummer-300x134.png 300w\" sizes=\"auto, (max-width: 825px) 100vw, 825px\" \/><\/figure>\n\n\n\n<p><\/p>\n\n\n\n<p>Am Sonntag, dem 3. September 2023 war von 12 bis 19 Uhr &nbsp;kaum ein Durchkommen im Limeszentrum \u2013 etwa 3.000 Zuschauer genossen ein tolles Miteinander mit Folklore, Musik, kulinarischen Spezialit\u00e4ten aus 7 L\u00e4ndern. Die erst vor kurzem gegr\u00fcndete Tanzgruppe aus Afghanistan bot neben Musik und Tanz aus der Heimat auch leckeres Essen an.<\/p>\n\n\n\n<figure class=\"wp-block-image size-large\"><img loading=\"lazy\" decoding=\"async\" width=\"1024\" height=\"487\" src=\"https:\/\/kroliday.de\/wp-content\/uploads\/2023\/09\/IMG_9038-1024x487.jpg\" alt=\"\" class=\"wp-image-419\" srcset=\"https:\/\/dags-schwalbach.de\/wp-content\/uploads\/2023\/09\/IMG_9038-1024x487.jpg 1024w, https:\/\/dags-schwalbach.de\/wp-content\/uploads\/2023\/09\/IMG_9038-300x143.jpg 300w, https:\/\/dags-schwalbach.de\/wp-content\/uploads\/2023\/09\/IMG_9038-768x365.jpg 768w, https:\/\/dags-schwalbach.de\/wp-content\/uploads\/2023\/09\/IMG_9038-1536x730.jpg 1536w, https:\/\/dags-schwalbach.de\/wp-content\/uploads\/2023\/09\/IMG_9038-2048x973.jpg 2048w\" sizes=\"auto, (max-width: 1024px) 100vw, 1024px\" \/><\/figure>\n\n\n\n<p>F\u00fcr die Italiener war die B\u00fchne&nbsp; zu klein \u2013 man wich einfach auf den Platz vor der \u201eDAGS-Ecke\u201c aus.&nbsp;&nbsp;<br>Das Ensemble \u201eKalyna\u201c, aus Bad Soden war vor kurzem mit einem Kulturpreis ausgezeichnet worden und beeindruckte mit ihren St\u00fccken und lie\u00df die&nbsp; kleine Gage f\u00fcr den Freiheitskampf ihrer Heimat in die Ukraine \u00fcberweisen. Insgesamt neun Gruppen traten auf der B\u00fchne auf.<\/p>\n\n\n\n<p>Vier \u201eVeranstalter\u201c hatten seit Mai daran gearbeitet, dieses Fest mithilfe vieler Freiwilliger wiederum zu einer erfolgreichen Veranstaltung zu machen.<\/p>\n\n\n\n<figure class=\"wp-block-image size-large\"><img loading=\"lazy\" decoding=\"async\" width=\"1024\" height=\"768\" src=\"https:\/\/kroliday.de\/wp-content\/uploads\/2023\/09\/IMG_8978-1024x768.jpg\" alt=\"\" class=\"wp-image-421\" srcset=\"https:\/\/dags-schwalbach.de\/wp-content\/uploads\/2023\/09\/IMG_8978-1024x768.jpg 1024w, https:\/\/dags-schwalbach.de\/wp-content\/uploads\/2023\/09\/IMG_8978-300x225.jpg 300w, https:\/\/dags-schwalbach.de\/wp-content\/uploads\/2023\/09\/IMG_8978-768x576.jpg 768w, https:\/\/dags-schwalbach.de\/wp-content\/uploads\/2023\/09\/IMG_8978-1536x1152.jpg 1536w, https:\/\/dags-schwalbach.de\/wp-content\/uploads\/2023\/09\/IMG_8978-2048x1536.jpg 2048w\" sizes=\"auto, (max-width: 1024px) 100vw, 1024px\" \/><\/figure>\n\n\n\n<p>Neben der Deutsch-Ausl\u00e4ndischen Gemeinschaft Schwalbach waren dies die Kulturkreis GmbH, die Stadt Schwalbach und der Gewerbeverein.<\/p>\n\n\n\n<p><\/p>\n\n\n\n<p><\/p>\n","protected":false},"excerpt":{"rendered":"<p>Schwalbacher Interkulturelles Marktplatzfest 2023 \u2013 super! Am Sonntag, dem 3. September 2023 war von 12 bis 19 Uhr &nbsp;kaum ein Durchkommen im Limeszentrum \u2013 etwa 3.000 Zuschauer genossen ein tolles Miteinander mit Folklore, Musik, kulinarischen Spezialit\u00e4ten aus 7 L\u00e4ndern. Die erst vor kurzem gegr\u00fcndete Tanzgruppe aus Afghanistan bot neben Musik und Tanz aus der Heimat [&hellip;]<\/p>\n","protected":false},"author":1,"featured_media":424,"comment_status":"open","ping_status":"open","sticky":false,"template":"","format":"standard","meta":{"footnotes":""},"categories":[13,5],"tags":[],"class_list":["post-417","post","type-post","status-publish","format-standard","has-post-thumbnail","hentry","category-aktuelles","category-veranstaltungen"],"_links":{"self":[{"href":"https:\/\/dags-schwalbach.de\/index.php?rest_route=\/wp\/v2\/posts\/417","targetHints":{"allow":["GET"]}}],"collection":[{"href":"https:\/\/dags-schwalbach.de\/index.php?rest_route=\/wp\/v2\/posts"}],"about":[{"href":"https:\/\/dags-schwalbach.de\/index.php?rest_route=\/wp\/v2\/types\/post"}],"author":[{"embeddable":true,"href":"https:\/\/dags-schwalbach.de\/index.php?rest_route=\/wp\/v2\/users\/1"}],"replies":[{"embeddable":true,"href":"https:\/\/dags-schwalbach.de\/index.php?rest_route=%2Fwp%2Fv2%2Fcomments&post=417"}],"version-history":[{"count":4,"href":"https:\/\/dags-schwalbach.de\/index.php?rest_route=\/wp\/v2\/posts\/417\/revisions"}],"predecessor-version":[{"id":425,"href":"https:\/\/dags-schwalbach.de\/index.php?rest_route=\/wp\/v2\/posts\/417\/revisions\/425"}],"wp:featuredmedia":[{"embeddable":true,"href":"https:\/\/dags-schwalbach.de\/index.php?rest_route=\/wp\/v2\/media\/424"}],"wp:attachment":[{"href":"https:\/\/dags-schwalbach.de\/index.php?rest_route=%2Fwp%2Fv2%2Fmedia&parent=417"}],"wp:term":[{"taxonomy":"category","embeddable":true,"href":"https:\/\/dags-schwalbach.de\/index.php?rest_route=%2Fwp%2Fv2%2Fcategories&post=417"},{"taxonomy":"post_tag","embeddable":true,"href":"https:\/\/dags-schwalbach.de\/index.php?rest_route=%2Fwp%2Fv2%2Ftags&post=417"}],"curies":[{"name":"wp","href":"https:\/\/api.w.org\/{rel}","templated":true}]}}