{"id":426,"date":"2023-09-19T12:52:59","date_gmt":"2023-09-19T12:52:59","guid":{"rendered":"https:\/\/kroliday.de\/?p=426"},"modified":"2023-12-17T22:32:57","modified_gmt":"2023-12-17T22:32:57","slug":"so-bereiten-die-aktiven-beim-dags-treff-veranstaltungen-vor-und-werten-sie-anschliessend-aus","status":"publish","type":"post","link":"https:\/\/dags-schwalbach.de\/?p=426","title":{"rendered":"So bereiten die Aktiven beim \u201eDAGS-Treff\u201c Veranstaltungen vor und werten sie anschlie\u00dfend aus"},"content":{"rendered":"\n<p><strong>So bereiten die Aktiven beim \u201eDAGS-Treff\u201c Veranstaltungen vor und werten sie anschlie\u00dfend aus<\/strong><\/p>\n\n\n\n<p class=\"has-text-align-center\"><em>Am dritten Dienstag im September kamen gut zwanzig Teilnehmer*innen zu unserem monatlichen Treffen. Die zuerst Gekommenen konnten sich schon ab 19:20 Uhr eine Sammlung von rund 50 Fotos vom Marktplatzfest am 3.9. ansehen \u2013 als \u201eEndlosschleife\u201c liefen die Fotos, bis alle da waren.<\/em><\/p>\n\n\n\n<p>Dann erschienen, projiziert auf die Wand, die vom Vorstand vorbereiteten Themen des Abends:<\/p>\n\n\n\n<figure class=\"wp-block-image size-full is-resized\"><img loading=\"lazy\" decoding=\"async\" src=\"https:\/\/kroliday.de\/wp-content\/uploads\/2023\/09\/DAGS-190923.jpg\" alt=\"\" class=\"wp-image-428\" style=\"width:792px;height:598px\" width=\"792\" height=\"598\" srcset=\"https:\/\/dags-schwalbach.de\/wp-content\/uploads\/2023\/09\/DAGS-190923.jpg 662w, https:\/\/dags-schwalbach.de\/wp-content\/uploads\/2023\/09\/DAGS-190923-300x227.jpg 300w\" sizes=\"auto, (max-width: 792px) 100vw, 792px\" \/><\/figure>\n\n\n\n<p><strong>F\u00fcr alle, die nicht teilnehmen konnten, berichten wir heute etwas ausf\u00fchrlicher \u00fcber den Verlauf dieses Treffs.<\/strong><\/p>\n\n\n\n<p>zu 1: Sehr erfreut waren wir, dass erstmals Robina N. in unserer Runde begr\u00fc\u00dft werden konnte. Insbesondere ihrer Initiative war es zu verdanken, dass die G\u00e4ste beim Marktplatzfest afghanische Spezialit\u00e4ten essen und afghanische Folklore auf der B\u00fchne ansehen konnten.<\/p>\n\n\n\n<p>Frau N ist 2011 als Fl\u00fcchtling nach Deutschland gekommen und lebt \u2013 nach einigen Jahren am Bodensee \u2013 jetzt mit ihrem Mann und drei kleinen Kindern in Schwalbach.<\/p>\n\n\n\n<p>Sie erkl\u00e4rte, warum es ihr gro\u00dfer Wunsch ist, den afghanischen Kindern in Schwalbach auf regelm\u00e4\u00dfiger Basis Angebote zu machen: Folklore, aber auch das Erlernen der Schriftform von den beiden am meisten in Afghanistan verbreiteten Sprachen: Farsi und Paschtu. Auch wenn in vielen Fl\u00fcchtlingsfamilien diese Sprachen gesprochen werden \u2013 die Kinder lernen meistens nicht, sie auch zu schreiben oder zu lesen.<\/p>\n\n\n\n<p>Alle Anwesenden h\u00f6rten beeindruckt zu. Einige konnten sp\u00e4ter mit ihr auch schon erste praktische Schritte im Sinne einer Realisierung dieses Projektes ansprechen.<\/p>\n\n\n\n<p>zu 2: Das Fest als Ganzes wurde von allen als \u201erundum gelungen\u201c eingesch\u00e4tzt. Besonders die Kommunikationsm\u00f6glichkeiten in der \u201eDAGS-Ecke\u201c wurden hervorgehoben.<\/p>\n\n\n\n<p>zu 3: Anne und Chris berichteten von der Vorbereitung einer vereinsinternen Veranstaltung, denn neben vielen Vorbereitungen von \u00f6ffentlichen Veranstaltungen nehmen wir uns ab und zu auch Zeit f\u00fcr Veranstaltungen, die der Pflege der internen Beziehungen dienen. In diesem Fall ging es um ein gemeinsames Essen mit anschlie\u00dfender Altstadtrundgang in H\u00f6chst im folgenden Monat. \u00a0Dazu werden 20 \u2013 25 Teilnehmende erwartet.<\/p>\n\n\n\n<p>zu 4: Die \u201eKunterbunte Kiste\u201c ist ein Gemeinschaftsprojekt des Jugendbildungswerks und der DAGS. Zielgruppe sind 10-\u00a0 bis 16-J\u00e4hrige, die unter Anleitung an drei Nachmittagen der Herbstferien aus Ton Fantasietiere gestalten. Ein multikultureller Teilnehmerkreis ist unser Ziel.<\/p>\n\n\n\n<p>zu 5: 25 Mitglieder der DAGS waren im Juni 11 Tage zu einem ganz besonderen Besuch in Berlin. Horst und Petra arbeiten gerade an einer Multivisionsschau, die Ende Oktober stattfinden wird. G\u00e4ste d\u00fcrfen gerne mitgebracht werden.<\/p>\n\n\n\n<p>zu 6: In Berlin hat es sich bew\u00e4hrt, dass wir alle mit unseren Handys miteinander kommunizieren konnten. Die WhatsApp-Gruppe \u201eDAGS\u201c steht jetzt allen Mitgliedern offen. Jede(r) kann sich anmelden per Mail an <a href=\"mailto:info@dags-schwalbach.de\">info@dags-schwalbach.de<\/a> .<\/p>\n\n\n\n<p>Um 21 Uhr waren wir mit Thema 7 durch. Wie angeregt, blieben noch viele. Es bildeten sich Gespr\u00e4chsgruppen \u2013 zu zweit, dritt, viert. In wechselnden Zusammensetzungen. Wie im Nu war es dann pl\u00f6tzlich 21:30 Uhr und wir gingen \u2013 weiter plaudernd \u2013 zu den Autos.<\/p>\n","protected":false},"excerpt":{"rendered":"<p>So bereiten die Aktiven beim \u201eDAGS-Treff\u201c Veranstaltungen vor und werten sie anschlie\u00dfend aus Am dritten Dienstag im September kamen gut zwanzig Teilnehmer*innen zu unserem monatlichen Treffen. Die zuerst Gekommenen konnten sich schon ab 19:20 Uhr eine Sammlung von rund 50 Fotos vom Marktplatzfest am 3.9. ansehen \u2013 als \u201eEndlosschleife\u201c liefen die Fotos, bis alle da [&hellip;]<\/p>\n","protected":false},"author":1,"featured_media":326,"comment_status":"open","ping_status":"open","sticky":false,"template":"","format":"standard","meta":{"footnotes":""},"categories":[19],"tags":[],"class_list":["post-426","post","type-post","status-publish","format-standard","has-post-thumbnail","hentry","category-archiv-veranstaltungen"],"_links":{"self":[{"href":"https:\/\/dags-schwalbach.de\/index.php?rest_route=\/wp\/v2\/posts\/426","targetHints":{"allow":["GET"]}}],"collection":[{"href":"https:\/\/dags-schwalbach.de\/index.php?rest_route=\/wp\/v2\/posts"}],"about":[{"href":"https:\/\/dags-schwalbach.de\/index.php?rest_route=\/wp\/v2\/types\/post"}],"author":[{"embeddable":true,"href":"https:\/\/dags-schwalbach.de\/index.php?rest_route=\/wp\/v2\/users\/1"}],"replies":[{"embeddable":true,"href":"https:\/\/dags-schwalbach.de\/index.php?rest_route=%2Fwp%2Fv2%2Fcomments&post=426"}],"version-history":[{"count":2,"href":"https:\/\/dags-schwalbach.de\/index.php?rest_route=\/wp\/v2\/posts\/426\/revisions"}],"predecessor-version":[{"id":429,"href":"https:\/\/dags-schwalbach.de\/index.php?rest_route=\/wp\/v2\/posts\/426\/revisions\/429"}],"wp:featuredmedia":[{"embeddable":true,"href":"https:\/\/dags-schwalbach.de\/index.php?rest_route=\/wp\/v2\/media\/326"}],"wp:attachment":[{"href":"https:\/\/dags-schwalbach.de\/index.php?rest_route=%2Fwp%2Fv2%2Fmedia&parent=426"}],"wp:term":[{"taxonomy":"category","embeddable":true,"href":"https:\/\/dags-schwalbach.de\/index.php?rest_route=%2Fwp%2Fv2%2Fcategories&post=426"},{"taxonomy":"post_tag","embeddable":true,"href":"https:\/\/dags-schwalbach.de\/index.php?rest_route=%2Fwp%2Fv2%2Ftags&post=426"}],"curies":[{"name":"wp","href":"https:\/\/api.w.org\/{rel}","templated":true}]}}