{"id":465,"date":"2023-12-19T22:07:05","date_gmt":"2023-12-19T22:07:05","guid":{"rendered":"https:\/\/kroliday.de\/?p=465"},"modified":"2024-06-27T20:49:03","modified_gmt":"2024-06-27T20:49:03","slug":"gemuetlicher-jahresabschluss-dags-info-projekt-brief-146","status":"publish","type":"post","link":"https:\/\/dags-schwalbach.de\/?p=465","title":{"rendered":"Gem\u00fctlicher Jahresabschluss \/ DAGS-Info-Projekt\u00a0\/\u00a0Brief 146"},"content":{"rendered":"\n<p><strong>Gem\u00fctlicher Jahresabschluss \/ DAGS-Info-Projekt&nbsp;\/&nbsp;Brief 146<\/strong><\/p>\n\n\n\n<p>Ab 19 Uhr wurde unser Raum weihnachtlich geschm\u00fcckt, das B\u00fcfett mit mitgebrachtem Geb\u00e4ck und Herzhaftem aus vielen L\u00e4ndern gestaltet. <\/p>\n\n\n\n<p>Der Vorstand hatte f\u00fcr Getr\u00e4nke gesorgt und um 19.30 Uhr beginnt unsere gem\u00fctliche Runde \u2013 mit einem nachgeholten St\u00e4ndchen anl\u00e4sslich Wolfgangs rundem Geburtstag Ende November. <\/p>\n\n\n\n<p>\u00dcbrigens auch auf Mongolisch, vorgetragen von neuen Interessenten an der DAGS.<\/p>\n\n\n\n<p>Einige Gedichte oder Prosatexte erg\u00e4nzten die vielen pers\u00f6nlichen Gespr\u00e4che an diesem Abend.<\/p>\n\n\n\n<p class=\"has-text-align-center\">Der Vorstand bedankt sich bei allen f\u00fcr die Mitarbeit an den vielen Veranstaltungen und Projekten dieses Jahres und w\u00fcnscht frohe Festtage und ein gutes neues Jahr. Bleibt alle gesund!&nbsp;<\/p>\n\n\n\n<p class=\"has-text-align-center\">Unserer einen Welt w\u00fcnschen wir ein stabileres Klima, allen Menschen mehr Gerechtigkeit und&nbsp;&nbsp;&nbsp;&nbsp;&nbsp;&nbsp;&nbsp;&nbsp;&nbsp;&nbsp;&nbsp; SHALOM &nbsp; &nbsp; SALAM &nbsp; &nbsp; FRIEDEN !<\/p>\n\n\n\n<p><\/p>\n","protected":false},"excerpt":{"rendered":"<p>Gem\u00fctlicher Jahresabschluss \/ DAGS-Info-Projekt&nbsp;\/&nbsp;Brief 146 Ab 19 Uhr wurde unser Raum weihnachtlich geschm\u00fcckt, das B\u00fcfett mit mitgebrachtem Geb\u00e4ck und Herzhaftem aus vielen L\u00e4ndern gestaltet. Der Vorstand hatte f\u00fcr Getr\u00e4nke gesorgt und um 19.30 Uhr beginnt unsere gem\u00fctliche Runde \u2013 mit einem nachgeholten St\u00e4ndchen anl\u00e4sslich Wolfgangs rundem Geburtstag Ende November. \u00dcbrigens auch auf Mongolisch, vorgetragen von [&hellip;]<\/p>\n","protected":false},"author":1,"featured_media":466,"comment_status":"open","ping_status":"open","sticky":false,"template":"","format":"standard","meta":{"footnotes":""},"categories":[19],"tags":[],"class_list":["post-465","post","type-post","status-publish","format-standard","has-post-thumbnail","hentry","category-archiv-veranstaltungen"],"_links":{"self":[{"href":"https:\/\/dags-schwalbach.de\/index.php?rest_route=\/wp\/v2\/posts\/465","targetHints":{"allow":["GET"]}}],"collection":[{"href":"https:\/\/dags-schwalbach.de\/index.php?rest_route=\/wp\/v2\/posts"}],"about":[{"href":"https:\/\/dags-schwalbach.de\/index.php?rest_route=\/wp\/v2\/types\/post"}],"author":[{"embeddable":true,"href":"https:\/\/dags-schwalbach.de\/index.php?rest_route=\/wp\/v2\/users\/1"}],"replies":[{"embeddable":true,"href":"https:\/\/dags-schwalbach.de\/index.php?rest_route=%2Fwp%2Fv2%2Fcomments&post=465"}],"version-history":[{"count":3,"href":"https:\/\/dags-schwalbach.de\/index.php?rest_route=\/wp\/v2\/posts\/465\/revisions"}],"predecessor-version":[{"id":482,"href":"https:\/\/dags-schwalbach.de\/index.php?rest_route=\/wp\/v2\/posts\/465\/revisions\/482"}],"wp:featuredmedia":[{"embeddable":true,"href":"https:\/\/dags-schwalbach.de\/index.php?rest_route=\/wp\/v2\/media\/466"}],"wp:attachment":[{"href":"https:\/\/dags-schwalbach.de\/index.php?rest_route=%2Fwp%2Fv2%2Fmedia&parent=465"}],"wp:term":[{"taxonomy":"category","embeddable":true,"href":"https:\/\/dags-schwalbach.de\/index.php?rest_route=%2Fwp%2Fv2%2Fcategories&post=465"},{"taxonomy":"post_tag","embeddable":true,"href":"https:\/\/dags-schwalbach.de\/index.php?rest_route=%2Fwp%2Fv2%2Ftags&post=465"}],"curies":[{"name":"wp","href":"https:\/\/api.w.org\/{rel}","templated":true}]}}