{"id":468,"date":"2024-01-11T22:10:05","date_gmt":"2024-01-11T22:10:05","guid":{"rendered":"https:\/\/kroliday.de\/?p=468"},"modified":"2024-06-27T20:41:54","modified_gmt":"2024-06-27T20:41:54","slug":"silvesterfeier-2023","status":"publish","type":"post","link":"https:\/\/dags-schwalbach.de\/?p=468","title":{"rendered":"Silvesterfeier 2023 \/ DAGS-Info-Projekt\u00a0\/ Brief 146"},"content":{"rendered":"\n<p><strong>Silvesterfeier 2023<\/strong><\/p>\n\n\n\n<p>Auch in diesem Jahr wollen wir wieder gemeinsam Silvester feiern. Es haben sich bislang fast 20 Personen angemeldet bzw. Interesse bekundet.<\/p>\n\n\n\n<p>&nbsp;Die Feier beginnt am 31.12. um 20.00 Uhr im Raum 9\/10 des B\u00fcrgerhauses. Jeder Gast bringt f\u00fcr das Buffet eine Speise mit, entweder ein Hauptgericht oder eine Vorspeise zusammen mit einer Nachspeise. Getr\u00e4nke, Brot und anderes Beiwerk werden gestellt. <\/p>\n\n\n\n<p>Eine K\u00fcche zum Erw\u00e4rmen von Speisen, mit Geschirr, T\u00f6pfen, Besteck und Gl\u00e4sern steht zur Verf\u00fcgung.<\/p>\n\n\n\n<p>Am Freitag, dem 29.12., um 10.00 trifft sich im selben Raum ein Organisationsteam, um die Feier vorzubereiten. Es werden Tische eingedeckt, dekoriert und Getr\u00e4nke eingelagert.<\/p>\n\n\n\n<p>Am Neujahrsmorgen, voraussichtlich um 11.00 Uhr, wird bei einem \u2013 inzwischen schon legend\u00e4r gewordenen \u2013 Fr\u00fchst\u00fcck den restlichen Speisen der Garaus gemacht. <\/p>\n\n\n\n<p>Die Kosten (Saalmiete in H\u00f6he von 75 \u20ac, Getr\u00e4nke usw.) werden auf alle Beteiligten umgelegt. Zuletzt betrugen sie 15 \u20ac pro Person.<\/p>\n\n\n\n<p>Wer noch teilnehmen m\u00f6chte kann sich telefonisch (06196 3920) oder per E-Mail<\/p>\n\n\n\n<p>(<a href=\"mailto:wolfgangeckert43@gmail.com\">wolfgangeckert43@gmail.com<\/a>) melden.<\/p>\n\n\n\n<p class=\"has-text-align-center\">Der Vorstand bedankt sich bei allen f\u00fcr die Mitarbeit an den vielen Veranstaltungen und Projekten dieses Jahres und w\u00fcnscht frohe Festtage und ein gutes neues Jahr. Bleibt alle gesund!&nbsp;<\/p>\n\n\n\n<p class=\"has-text-align-center\">Unserer einen Welt w\u00fcnschen wir ein stabileres Klima, allen Menschen mehr Gerechtigkeit und&nbsp;&nbsp;&nbsp;&nbsp;&nbsp;&nbsp;&nbsp;&nbsp;&nbsp;&nbsp;&nbsp; SHALOM &nbsp; &nbsp; SALAM &nbsp; &nbsp; FRIEDEN !<\/p>\n","protected":false},"excerpt":{"rendered":"<p>Silvesterfeier 2023 Auch in diesem Jahr wollen wir wieder gemeinsam Silvester feiern. Es haben sich bislang fast 20 Personen angemeldet bzw. Interesse bekundet. &nbsp;Die Feier beginnt am 31.12. um 20.00 Uhr im Raum 9\/10 des B\u00fcrgerhauses. Jeder Gast bringt f\u00fcr das Buffet eine Speise mit, entweder ein Hauptgericht oder eine Vorspeise zusammen mit einer Nachspeise. [&hellip;]<\/p>\n","protected":false},"author":1,"featured_media":470,"comment_status":"open","ping_status":"open","sticky":false,"template":"","format":"standard","meta":{"footnotes":""},"categories":[21],"tags":[],"class_list":["post-468","post","type-post","status-publish","format-standard","has-post-thumbnail","hentry","category-archiv-info-briefe"],"_links":{"self":[{"href":"https:\/\/dags-schwalbach.de\/index.php?rest_route=\/wp\/v2\/posts\/468","targetHints":{"allow":["GET"]}}],"collection":[{"href":"https:\/\/dags-schwalbach.de\/index.php?rest_route=\/wp\/v2\/posts"}],"about":[{"href":"https:\/\/dags-schwalbach.de\/index.php?rest_route=\/wp\/v2\/types\/post"}],"author":[{"embeddable":true,"href":"https:\/\/dags-schwalbach.de\/index.php?rest_route=\/wp\/v2\/users\/1"}],"replies":[{"embeddable":true,"href":"https:\/\/dags-schwalbach.de\/index.php?rest_route=%2Fwp%2Fv2%2Fcomments&post=468"}],"version-history":[{"count":5,"href":"https:\/\/dags-schwalbach.de\/index.php?rest_route=\/wp\/v2\/posts\/468\/revisions"}],"predecessor-version":[{"id":481,"href":"https:\/\/dags-schwalbach.de\/index.php?rest_route=\/wp\/v2\/posts\/468\/revisions\/481"}],"wp:featuredmedia":[{"embeddable":true,"href":"https:\/\/dags-schwalbach.de\/index.php?rest_route=\/wp\/v2\/media\/470"}],"wp:attachment":[{"href":"https:\/\/dags-schwalbach.de\/index.php?rest_route=%2Fwp%2Fv2%2Fmedia&parent=468"}],"wp:term":[{"taxonomy":"category","embeddable":true,"href":"https:\/\/dags-schwalbach.de\/index.php?rest_route=%2Fwp%2Fv2%2Fcategories&post=468"},{"taxonomy":"post_tag","embeddable":true,"href":"https:\/\/dags-schwalbach.de\/index.php?rest_route=%2Fwp%2Fv2%2Ftags&post=468"}],"curies":[{"name":"wp","href":"https:\/\/api.w.org\/{rel}","templated":true}]}}