{"id":483,"date":"2023-12-04T22:27:45","date_gmt":"2023-12-04T22:27:45","guid":{"rendered":"https:\/\/kroliday.de\/?p=483"},"modified":"2024-06-27T20:48:40","modified_gmt":"2024-06-27T20:48:40","slug":"krieg-im-heiligen-land-dags-info-brief-145","status":"publish","type":"post","link":"https:\/\/dags-schwalbach.de\/?p=483","title":{"rendered":"Krieg im Heiligen Land \/ DAGS-Info \/ Brief 145"},"content":{"rendered":"\n<p><strong>Krieg im Heiligen Land \/ DAGS-Info \/ Brief 145<\/strong><\/p>\n\n\n\n<p>Unter diesen Titel stellte Dr. Rainer Hermann seinen Vortrag am 14. November im Schwalbacher B\u00fcrgerhaus und aktualisierte damit sein Vortragsthema. <\/p>\n\n\n\n<p>Die Deutsch-Ausl\u00e4ndische Gemeinschaft (DAGS) hatte diese Veranstaltung noch im Vorfeld der Ereignisse in Israel und Pal\u00e4stina mit \u201eKrisen und Konflikte im Nahen und Mittleren Osten\u201c beworben.\u00a0 <\/p>\n\n\n\n<p>Im sehr gut besetzten Kleinen Saal des B\u00fcrgerhauses verstand es Dr. Hermann, der jahrelang f\u00fcr die Frankfurter Allgemeine Zeitung als Korrespondent und Redakteur t\u00e4tig gewesen war, in beeindruckender Rede einen \u00dcberblick \u00fcber die aktuellen Vorg\u00e4nge, die historische und politische Entwicklung und \u00fcber m\u00f6gliche L\u00f6sungen zu geben.<\/p>\n\n\n\n<p>Auf den Terror der Hamas vom 7.Oktober, der von beispiellosem Hass getragen war, reagiere Israel mit gro\u00dfer H\u00e4rte. <\/p>\n\n\n\n<p>Weltweit nehme nun die Kritik an Israel wegen der Unverh\u00e4ltnism\u00e4\u00dfigkeit der milit\u00e4rischen Gewalt zu. Darin spiegele sich nicht zuletzt die geopolitische Verschiebung hin zum Globalen S\u00fcden. Israel habe keine guten Optionen.<\/p>\n\n\n\n<figure class=\"wp-block-image size-full\"><img loading=\"lazy\" decoding=\"async\" width=\"865\" height=\"589\" src=\"https:\/\/kroliday.de\/wp-content\/uploads\/2024\/01\/vortrag-heiligeland2.jpg\" alt=\"\" class=\"wp-image-486\" srcset=\"https:\/\/dags-schwalbach.de\/wp-content\/uploads\/2024\/01\/vortrag-heiligeland2.jpg 865w, https:\/\/dags-schwalbach.de\/wp-content\/uploads\/2024\/01\/vortrag-heiligeland2-300x204.jpg 300w, https:\/\/dags-schwalbach.de\/wp-content\/uploads\/2024\/01\/vortrag-heiligeland2-768x523.jpg 768w\" sizes=\"auto, (max-width: 865px) 100vw, 865px\" \/><\/figure>\n\n\n\n<p>Dr. Hermann sprach von einem fast schon Hundertj\u00e4hrigem Krieg seit der ersten blutigen Auseinandersetzung zwischen Juden und Arabern im Jahre 1929 in Jerusalem. In den 1990 Jahren seien Gelegenheiten verpasst worden, den Konflikt friedlich beizulegen. <\/p>\n\n\n\n<p>Heute verhindere der Landraub der Siedler im Westjordanland und der Terror der Hamas eine L\u00f6sung. Beide legitimierten ihre Handlungen durch ihre Religion und s\u00e4hen in ihrer Nation einen Ausdruck religi\u00f6sen Heilsgeschehens. Das schlie\u00dfe einen Kompromiss aus.<\/p>\n\n\n\n<p>Mit gro\u00dfem Interesse verfolgten die Zuh\u00f6rer diese Ausf\u00fchrungen, was sich auch in den anschlie\u00dfenden Fragen zeigte. <\/p>\n\n\n\n<p>Das Ganze fand in ruhiger Atmosph\u00e4re statt. Diese Veranstaltung ist der DAGS, die ihre Vortr\u00e4ge im Rahmen der Interkulturellen Wochen anbietet, wieder einmal gut gelungen.\u00a0\u00a0\u00a0\u00a0\u00a0\u00a0\u00a0\u00a0\u00a0\u00a0\u00a0\u00a0\u00a0\u00a0<\/p>\n\n\n\n<p><strong>Unser Treffen am 12. 12. wird ein gem\u00fctlicher Jahresabschluss<\/strong><\/p>\n\n\n\n<p>Wie in den vergangenen Jahren: Ab 19 Uhr dekorieren wir unseren Raum weihnachtlich, richten das B\u00fcfett mit Geb\u00e4ck und Herzhaften aus vielen L\u00e4ndern her \u2013 mitgebracht von allen. Der Vorstand sorgt f\u00fcr Getr\u00e4nke und um 19.30 Uhr beginnt unsere gem\u00fctliche Runde.<\/p>\n\n\n\n<p>Wer einen kleinen Beitrag (Gedicht, Prosatext o. \u00c4.) zu unserem \u201eAdventstreff\u201c leisten m\u00f6chte, ist herzlich eingeladen. Nur ein Planungsthema muss kurz angesprochen werden: Die Silvesterfeier, zu der wir mit rund 20 DAGSe rechnen. (Siehe folgender Beitrag)<\/p>\n\n\n\n<p><strong>Silvesterfeier 2023<\/strong><\/p>\n\n\n\n<p>Auch in diesem Jahr hat der Vorstand geplant, wieder eine Silvesterfeier durchzuf\u00fchren. Auf die erste Ank\u00fcndigung hin haben sich bereits 14 Personen als Interessenten f\u00fcr die Teilnahme an der Feier gemeldet.<\/p>\n\n\n\n<p>Die Feier beginnt am 31.12.23 um 20.00 Uhr im Raum 9\/10 des B\u00fcrgerhauses. Jeder Gast sollte f\u00fcr das Buffet eine Speise mitbringen, entweder ein Hauptgericht oder eine Vorspeise zusammen mit einer Nachspeise. Getr\u00e4nke, Brot und anderes Beiwerk werden gestellt. Eine K\u00fcche zum Erw\u00e4rmen von Speisen, mit Geschirr, T\u00f6pfen, Besteck und Gl\u00e4sern steht zur Verf\u00fcgung.<\/p>\n\n\n\n<p>Am Freitag, dem 29.12. um 10.00 trifft sich im selben Raum ein Organisationsteam, um die Feier vorzubereiten. Es werden Tische eingedeckt, dekoriert und Getr\u00e4nke eingelagert.<\/p>\n\n\n\n<p>Am Neujahrsmorgen, voraussichtlich um 11.00 Uhr, wird bei einem \u2013 inzwischen schon legend\u00e4r gewordenen \u2013 Fr\u00fchst\u00fcck den restlichen Speisen der Garaus gemacht.<\/p>\n\n\n\n<p>Die Kosten, einschlie\u00dflich der Saalmiete in H\u00f6he von 75 \u20ac, werden auf die Beteiligten umgelegt. Zuletzt betrugen sie etwa 15 \u20ac pro Person.<\/p>\n\n\n\n<p>Wer teilnehmen will, kann sich telefonisch bei Wolfgang Eckert (06196 3920) oder per E-mail (<a href=\"mailto:wolfgangeckert43@gmail.com\">wolfgangeckert43@gmail.com<\/a>) oder am besten bei der Weihnachtsfeier der DAGS am 12.12.23 anmelden und auch mitteilen, welche Speise er\/sie mitbringt und ob man bereit ist, beim Auf- und Abbau zu helfen.<\/p>\n\n\n\n<p><strong>Buchtipp <\/strong><strong>(angeregt durch ein Interview im \u201eMorgenmagazin\u201c am 4.12.2023)<\/strong><\/p>\n\n\n\n<p><strong>Beschreibung<\/strong><\/p>\n\n\n\n<p>Gute Nachrichten sind selten eine Meldung wert \u2013 auch nicht, wenn sie aus Israel kommen. Dabei gibt es sie, und sie sind nachzulesen in diesem Buch, das rechtzeitig zum 75. Jahrestag der Staatsgr\u00fcndung erscheint. Der israelische Journalist und Autor Igal Avidan berichtet, entgegen der \u00fcblichen Fernsehbilder aus einer bewegten Gesellschaft, in der Juden und Araber l\u00e4ngst ein Zusammenleben gefunden haben, das den Vorstellungen von ewigem Hass (von Politikern auf beiden Seiten gern gesch\u00fcrt) nicht entspricht. Eine friedliche und zugleich br\u00fcchige Co-Existenz auf dem Vulkan &#8211; davon erf\u00e4hrt man in diesen Reportagen aus dem Alltagsleben in Israel. Gegenseitige Pogrome sind zwar an der Tagesordnung gegenseitige Hilfe, Solidarit\u00e4t, Nachbar- und Freundschaft aber auch. Dieses Buch zeigt, dass die israelische Gesellschaft &#8211; allen R\u00fcckschl\u00e4gen zum Trotz &#8211; dabei ist, zusammenzuwachsen.<\/p>\n\n\n\n<p><strong>Informationen \u00fcber den Autor<\/strong><\/p>\n\n\n\n<p>Igal Avidan, 1962 in Tel Aviv geboren, hat in Israel Englische Literatur und Informatik, in Berlin Politikwissenschaft studiert. Seit 1990 arbeitet der Nahostexperte als freier Berichterstatter aus Berlin f\u00fcr israelische und deutsche Zeitungen und H\u00f6rfunksender. 2017 erschien sein Buch \u00bbMod Helmy. Wie ein arabischer Arzt in Berlin Juden vor der Gestapo rettete\u00ab (dtv).<\/p>\n\n\n\n<p><strong>\u201e\u2026 und es wurde Licht!\u201c<\/strong> ISBN 9783 9492 03596, 224 Seiten, Berenberg-Verlag 2023, 18 \u20ac<\/p>\n\n\n\n<p>Mit herzlichen Gr\u00fc\u00dfen,&nbsp;&nbsp; Wilfried H\u00fclsemann<\/p>\n","protected":false},"excerpt":{"rendered":"<p>Krieg im Heiligen Land \/ DAGS-Info \/ Brief 145 Unter diesen Titel stellte Dr. Rainer Hermann seinen Vortrag am 14. November im Schwalbacher B\u00fcrgerhaus und aktualisierte damit sein Vortragsthema. Die Deutsch-Ausl\u00e4ndische Gemeinschaft (DAGS) hatte diese Veranstaltung noch im Vorfeld der Ereignisse in Israel und Pal\u00e4stina mit \u201eKrisen und Konflikte im Nahen und Mittleren Osten\u201c beworben.\u00a0 [&hellip;]<\/p>\n","protected":false},"author":1,"featured_media":488,"comment_status":"open","ping_status":"open","sticky":false,"template":"","format":"standard","meta":{"footnotes":""},"categories":[19],"tags":[],"class_list":["post-483","post","type-post","status-publish","format-standard","has-post-thumbnail","hentry","category-archiv-veranstaltungen"],"_links":{"self":[{"href":"https:\/\/dags-schwalbach.de\/index.php?rest_route=\/wp\/v2\/posts\/483","targetHints":{"allow":["GET"]}}],"collection":[{"href":"https:\/\/dags-schwalbach.de\/index.php?rest_route=\/wp\/v2\/posts"}],"about":[{"href":"https:\/\/dags-schwalbach.de\/index.php?rest_route=\/wp\/v2\/types\/post"}],"author":[{"embeddable":true,"href":"https:\/\/dags-schwalbach.de\/index.php?rest_route=\/wp\/v2\/users\/1"}],"replies":[{"embeddable":true,"href":"https:\/\/dags-schwalbach.de\/index.php?rest_route=%2Fwp%2Fv2%2Fcomments&post=483"}],"version-history":[{"count":2,"href":"https:\/\/dags-schwalbach.de\/index.php?rest_route=\/wp\/v2\/posts\/483\/revisions"}],"predecessor-version":[{"id":487,"href":"https:\/\/dags-schwalbach.de\/index.php?rest_route=\/wp\/v2\/posts\/483\/revisions\/487"}],"wp:featuredmedia":[{"embeddable":true,"href":"https:\/\/dags-schwalbach.de\/index.php?rest_route=\/wp\/v2\/media\/488"}],"wp:attachment":[{"href":"https:\/\/dags-schwalbach.de\/index.php?rest_route=%2Fwp%2Fv2%2Fmedia&parent=483"}],"wp:term":[{"taxonomy":"category","embeddable":true,"href":"https:\/\/dags-schwalbach.de\/index.php?rest_route=%2Fwp%2Fv2%2Fcategories&post=483"},{"taxonomy":"post_tag","embeddable":true,"href":"https:\/\/dags-schwalbach.de\/index.php?rest_route=%2Fwp%2Fv2%2Ftags&post=483"}],"curies":[{"name":"wp","href":"https:\/\/api.w.org\/{rel}","templated":true}]}}