{"id":512,"date":"2024-02-21T17:25:28","date_gmt":"2024-02-21T17:25:28","guid":{"rendered":"https:\/\/dags-schwalbach.de\/?p=512"},"modified":"2024-04-15T17:26:48","modified_gmt":"2024-04-15T17:26:48","slug":"schwalbach-steht-auf-fuer-demokratie-und-vielfalt-am-27-april","status":"publish","type":"post","link":"https:\/\/dags-schwalbach.de\/?p=512","title":{"rendered":"\u201eSchwalbach steht auf f\u00fcr Demokratie und Vielfalt\u201c am 27. April"},"content":{"rendered":"\n<p><strong>\u201eSchwalbach steht auf f\u00fcr Demokratie und Vielfalt\u201c am 27. April<\/strong><\/p>\n\n\n\n<p>Beim \u201eDAGS-Treff\u201c am 16. Januar 2024 wurde der Vorschlag erstmals diskutiert. <\/p>\n\n\n\n<p>Viele DAGSe nahmen danach teil an Kundgebungen in Frankfurt, Hofheim, Kelkheim, Hattersheim, Kronberg sowie zuletzt in Eschborn.<\/p>\n\n\n\n<p>Am 21.2. trafen sich Vertreter aus Schwalbacher Vereinen, Kirchengemeinden, Parteien, diskutierten erstmals \u00fcber einen passenden Termin, den besten Ort und wie man m\u00f6glichst viele Schwalbacher \u00fcberzeugen kann, selbst an der Kundgebung teilzunehmen.<\/p>\n\n\n\n<p>Am 12.3. und 25.3. gab es weitere Treffen. Ein \u201eAufruf zur Teilnahme\u201c am 27. 4. wurde von einer 8-k\u00f6pfigen Gruppe verfasst und sofort an die \u201eSchwalbacher Zeitung\u201c weitergeleitet. <\/p>\n\n\n\n<p>In einer \u201eredaktionell bearbeiteten\u201c Form steht der Aufruf auf Seite 3 in der Ausgabe vom 27.3.2024, Titel \u201eF\u00fcr Demokratie und Vielfalt\u201c.<br><br><\/p>\n","protected":false},"excerpt":{"rendered":"<p>\u201eSchwalbach steht auf f\u00fcr Demokratie und Vielfalt\u201c am 27. April Beim \u201eDAGS-Treff\u201c am 16. Januar 2024 wurde der Vorschlag erstmals diskutiert. Viele DAGSe nahmen danach teil an Kundgebungen in Frankfurt, Hofheim, Kelkheim, Hattersheim, Kronberg sowie zuletzt in Eschborn. Am 21.2. trafen sich Vertreter aus Schwalbacher Vereinen, Kirchengemeinden, Parteien, diskutierten erstmals \u00fcber einen passenden Termin, den [&hellip;]<\/p>\n","protected":false},"author":1,"featured_media":460,"comment_status":"open","ping_status":"open","sticky":false,"template":"","format":"standard","meta":{"footnotes":""},"categories":[18,5],"tags":[],"class_list":["post-512","post","type-post","status-publish","format-standard","has-post-thumbnail","hentry","category-termine","category-veranstaltungen"],"_links":{"self":[{"href":"https:\/\/dags-schwalbach.de\/index.php?rest_route=\/wp\/v2\/posts\/512","targetHints":{"allow":["GET"]}}],"collection":[{"href":"https:\/\/dags-schwalbach.de\/index.php?rest_route=\/wp\/v2\/posts"}],"about":[{"href":"https:\/\/dags-schwalbach.de\/index.php?rest_route=\/wp\/v2\/types\/post"}],"author":[{"embeddable":true,"href":"https:\/\/dags-schwalbach.de\/index.php?rest_route=\/wp\/v2\/users\/1"}],"replies":[{"embeddable":true,"href":"https:\/\/dags-schwalbach.de\/index.php?rest_route=%2Fwp%2Fv2%2Fcomments&post=512"}],"version-history":[{"count":1,"href":"https:\/\/dags-schwalbach.de\/index.php?rest_route=\/wp\/v2\/posts\/512\/revisions"}],"predecessor-version":[{"id":513,"href":"https:\/\/dags-schwalbach.de\/index.php?rest_route=\/wp\/v2\/posts\/512\/revisions\/513"}],"wp:featuredmedia":[{"embeddable":true,"href":"https:\/\/dags-schwalbach.de\/index.php?rest_route=\/wp\/v2\/media\/460"}],"wp:attachment":[{"href":"https:\/\/dags-schwalbach.de\/index.php?rest_route=%2Fwp%2Fv2%2Fmedia&parent=512"}],"wp:term":[{"taxonomy":"category","embeddable":true,"href":"https:\/\/dags-schwalbach.de\/index.php?rest_route=%2Fwp%2Fv2%2Fcategories&post=512"},{"taxonomy":"post_tag","embeddable":true,"href":"https:\/\/dags-schwalbach.de\/index.php?rest_route=%2Fwp%2Fv2%2Ftags&post=512"}],"curies":[{"name":"wp","href":"https:\/\/api.w.org\/{rel}","templated":true}]}}