{"id":519,"date":"2024-03-29T17:34:34","date_gmt":"2024-03-29T17:34:34","guid":{"rendered":"https:\/\/dags-schwalbach.de\/?p=519"},"modified":"2024-06-27T20:41:17","modified_gmt":"2024-06-27T20:41:17","slug":"termine-fassung-vom-29-maerz","status":"publish","type":"post","link":"https:\/\/dags-schwalbach.de\/?p=519","title":{"rendered":"Termine  \/ Fassung vom 29.M\u00e4rz"},"content":{"rendered":"\n<p><strong>Termine  \/ Fassung vom 29.M\u00e4rz<\/strong><\/p>\n\n\n\n<p><strong>Do, 4. April, 10 Uhr <\/strong>bei Erika (Adlerstr. 1) <strong>Qi Gong <\/strong>danach auch am 11. und 18.4. \u2013 aber nicht am 25.4.<\/p>\n\n\n\n<p><strong>Do, 4. April,<\/strong> <strong>17 Uhr<\/strong>,&nbsp;<strong>Online-Tanzkurs<\/strong>&nbsp; f\u00e4llt in diesem Monat aus<\/p>\n\n\n\n<p><strong>Do, 4. April, 19 Uhr<\/strong> bei Erika (Adlerstr. 1, Souterrain): \u201eGelebte Demokratie im Alltag\u201c &#8211;&nbsp; Vertiefen und weiteres Experimentieren zum angefangenen Thema&nbsp;<\/p>\n\n\n\n<p><strong>im Kontakt gute Antworten finden auf demokratiefeindliche und radikale Aussagen<\/strong><\/p>\n\n\n\n<p>(siehe auch&nbsp; Anlage 2 in Brief 149)<\/p>\n\n\n\n<p><strong>Fr, 5. April, 19 &#8211;&nbsp; 21 Uhr, B\u00fcrgerhaus Gro\u00dfer Saal<\/strong><\/p>\n\n\n\n<p><strong><a href=\"https:\/\/kulturkreis-schwalbach.de\/veranstaltungen\/icalrepeat.detail\/2024\/04\/05\/1031\/13\/filme-aus-aller-welt-das-piano\">Filme aus aller Welt: &#8220;Das Piano&#8221;<\/a><\/strong><\/p>\n\n\n\n<p><strong>Das Piano<\/strong>&nbsp;(Originaltitel&nbsp;<em>The Piano<\/em>) ist ein&nbsp;<a href=\"https:\/\/de.wikipedia.org\/wiki\/Drama_(Filmgenre)\">Filmdrama<\/a>&nbsp;aus dem Jahr&nbsp;<a href=\"https:\/\/de.wikipedia.org\/wiki\/Filmjahr_1993\">1993<\/a>&nbsp;von der Regisseurin&nbsp;<a href=\"https:\/\/de.wikipedia.org\/wiki\/Jane_Campion\">Jane Campion<\/a>, die auch das Drehbuch schrieb. Die Hauptrollen spielen&nbsp;<a href=\"https:\/\/de.wikipedia.org\/wiki\/Holly_Hunter\">Holly Hunter<\/a>,&nbsp;<a href=\"https:\/\/de.wikipedia.org\/wiki\/Harvey_Keitel\">Harvey Keitel<\/a>&nbsp;und&nbsp;<a href=\"https:\/\/de.wikipedia.org\/wiki\/Sam_Neill\">Sam Neill<\/a>.<\/p>\n\n\n\n<p>Der Film entwickelte sich zu einem internationalen Erfolg, der mit der Goldenen Palme in Cannes begann.&nbsp; Bei der&nbsp;<a href=\"https:\/\/de.wikipedia.org\/wiki\/Oscarverleihung_1994\">Oscarverleihung 1994<\/a>&nbsp;gewann der Film in drei Kategorien einen Oscar: Holly Hunter in der Kategorie&nbsp;<em><a href=\"https:\/\/de.wikipedia.org\/wiki\/Oscar\/Beste_Hauptdarstellerin\">Beste Hauptdarstellerin<\/a><\/em>, Anna Paquin in der Kategorie&nbsp;<em><a href=\"https:\/\/de.wikipedia.org\/wiki\/Oscar\/Beste_Nebendarstellerin\">Beste Nebendarstellerin<\/a><\/em>&nbsp;und Jane Campion in der Kategorie&nbsp;<em><a href=\"https:\/\/de.wikipedia.org\/wiki\/Oscar\/Bestes_Originaldrehbuch\">Bestes Originaldrehbuch<\/a><\/em>. In f\u00fcnf weiteren Kategorien war der Film f\u00fcr einen Oscar nominiert: Jan Chapman in der Kategorie&nbsp;<em><a href=\"https:\/\/de.wikipedia.org\/wiki\/Oscar\/Bester_Film\">Bester Film<\/a><\/em>, Jane Campion in der Kategorie&nbsp;<em><a href=\"https:\/\/de.wikipedia.org\/wiki\/Oscar\/Beste_Regie\">Beste Regie<\/a><\/em>, Veronika Jenet in der Kategorie&nbsp;<em><a href=\"https:\/\/de.wikipedia.org\/wiki\/Oscar\/Bester_Schnitt\">Bester Schnitt<\/a><\/em>, Stuart Dryburgh in der Kategorie&nbsp;<em><a href=\"https:\/\/de.wikipedia.org\/wiki\/Oscar\/Beste_Kamera\">Beste Kamera<\/a><\/em>&nbsp;und Janet Patterson in der Kategorie&nbsp;<em><a href=\"https:\/\/de.wikipedia.org\/wiki\/Oscar\/Bestes_Kost%C3%BCmdesign\">Beste Kost\u00fcme<\/a><\/em>.<\/p>\n\n\n\n<p><strong>Eintritt: \u20ac 5,-, Sch\u00fcler und Studenten \u20ac 2,50<\/strong><\/p>\n\n\n\n<p><strong>Tickets: Kulturkreis GmbH und an der Abendkasse&nbsp;&nbsp;&nbsp;&nbsp;&nbsp;&nbsp;&nbsp;&nbsp;&nbsp;&nbsp;&nbsp;&nbsp;&nbsp;&nbsp; Veranstalter: <\/strong><strong>&nbsp;Kulturkreis GmbH<\/strong><strong>, DAGS<\/strong><\/p>\n\n\n\n<p><strong>Do, 11. April, 19 Uhr DAGS-Stammtisch<\/strong><strong>: &nbsp;Pasta la Vista, Limeszentrum<\/strong><\/p>\n\n\n\n<p><strong>Di, 16. April, 19.30 Uhr, Raum 1: DAGS-Treff&nbsp;&nbsp; Offenes Treffen f\u00fcr alle \u2013 auch G\u00e4ste willkommen&nbsp;&nbsp;&nbsp;&nbsp;&nbsp;&nbsp;<\/strong><\/p>\n\n\n\n<p><strong>Do, 18. April, 19 Uhr<\/strong>, Raum 1,<strong> Tanzkurs<\/strong><\/p>\n\n\n\n<p><strong>Sa, 27. April, 12 Uhr Markplatz:<\/strong><\/p>\n\n\n\n<p><strong>Schwalbach steht auf f\u00fcr Demokratie und Vielfalt<\/strong><\/p>\n\n\n\n<p><strong>Kundgebung mit vielen kurzen Redebeitr\u00e4gen und Musik<\/strong><\/p>\n\n\n\n<p><strong>Veranstalter: DAGS als Teil von \u201e<\/strong><strong>Aktionsb\u00fcndnis von B\u00fcrgerinnen und B\u00fcrgern, Vereinen, Firmen und Institutionen in Schwalbach am Taunus und Umgebung\u201c<\/strong><\/p>\n\n\n\n<p><strong>Zus\u00e4tzlich beginnt um 11 Uhr ein Demonstrationszug aus dem alten Ort (Geschwister-Scholl-Schule\/Alte Kapelle) zum Marktplatz<\/strong><\/p>\n","protected":false},"excerpt":{"rendered":"<p>Termine \/ Fassung vom 29.M\u00e4rz Do, 4. April, 10 Uhr bei Erika (Adlerstr. 1) Qi Gong danach auch am 11. und 18.4. \u2013 aber nicht am 25.4. Do, 4. April, 17 Uhr,&nbsp;Online-Tanzkurs&nbsp; f\u00e4llt in diesem Monat aus Do, 4. April, 19 Uhr bei Erika (Adlerstr. 1, Souterrain): \u201eGelebte Demokratie im Alltag\u201c &#8211;&nbsp; Vertiefen und weiteres [&hellip;]<\/p>\n","protected":false},"author":1,"featured_media":521,"comment_status":"open","ping_status":"open","sticky":false,"template":"","format":"standard","meta":{"footnotes":""},"categories":[20],"tags":[14,26],"class_list":["post-519","post","type-post","status-publish","format-standard","has-post-thumbnail","hentry","category-archiv-terminlisten","tag-dags","tag-termine"],"_links":{"self":[{"href":"https:\/\/dags-schwalbach.de\/index.php?rest_route=\/wp\/v2\/posts\/519","targetHints":{"allow":["GET"]}}],"collection":[{"href":"https:\/\/dags-schwalbach.de\/index.php?rest_route=\/wp\/v2\/posts"}],"about":[{"href":"https:\/\/dags-schwalbach.de\/index.php?rest_route=\/wp\/v2\/types\/post"}],"author":[{"embeddable":true,"href":"https:\/\/dags-schwalbach.de\/index.php?rest_route=\/wp\/v2\/users\/1"}],"replies":[{"embeddable":true,"href":"https:\/\/dags-schwalbach.de\/index.php?rest_route=%2Fwp%2Fv2%2Fcomments&post=519"}],"version-history":[{"count":1,"href":"https:\/\/dags-schwalbach.de\/index.php?rest_route=\/wp\/v2\/posts\/519\/revisions"}],"predecessor-version":[{"id":520,"href":"https:\/\/dags-schwalbach.de\/index.php?rest_route=\/wp\/v2\/posts\/519\/revisions\/520"}],"wp:featuredmedia":[{"embeddable":true,"href":"https:\/\/dags-schwalbach.de\/index.php?rest_route=\/wp\/v2\/media\/521"}],"wp:attachment":[{"href":"https:\/\/dags-schwalbach.de\/index.php?rest_route=%2Fwp%2Fv2%2Fmedia&parent=519"}],"wp:term":[{"taxonomy":"category","embeddable":true,"href":"https:\/\/dags-schwalbach.de\/index.php?rest_route=%2Fwp%2Fv2%2Fcategories&post=519"},{"taxonomy":"post_tag","embeddable":true,"href":"https:\/\/dags-schwalbach.de\/index.php?rest_route=%2Fwp%2Fv2%2Ftags&post=519"}],"curies":[{"name":"wp","href":"https:\/\/api.w.org\/{rel}","templated":true}]}}