{"id":522,"date":"2024-04-14T17:39:46","date_gmt":"2024-04-14T17:39:46","guid":{"rendered":"https:\/\/dags-schwalbach.de\/?p=522"},"modified":"2024-04-15T17:57:56","modified_gmt":"2024-04-15T17:57:56","slug":"schwalbach-steht-auf-fuer-demokratie-und-vielfalt","status":"publish","type":"post","link":"https:\/\/dags-schwalbach.de\/?p=522","title":{"rendered":"Schwalbach steht auf f\u00fcr Demokratie und Vielfalt!"},"content":{"rendered":"\n<p class=\"has-text-align-center\"><strong>Schwalbach steht auf f\u00fcr Demokratie und Vielfalt!<\/strong><\/p>\n\n\n<div class=\"wp-block-image\">\n<figure class=\"aligncenter size-full is-resized\"><img loading=\"lazy\" decoding=\"async\" width=\"640\" height=\"453\" src=\"https:\/\/dags-schwalbach.de\/wp-content\/uploads\/2024\/04\/protection-450595_640.jpg\" alt=\"\" class=\"wp-image-525\" style=\"width:839px;height:auto\" srcset=\"https:\/\/dags-schwalbach.de\/wp-content\/uploads\/2024\/04\/protection-450595_640.jpg 640w, https:\/\/dags-schwalbach.de\/wp-content\/uploads\/2024\/04\/protection-450595_640-300x212.jpg 300w\" sizes=\"auto, (max-width: 640px) 100vw, 640px\" \/><\/figure>\n<\/div>\n\n\n<p class=\"has-text-align-center\">Kundgebung am Samstag, 27. April 2024<\/p>\n\n\n\n<p class=\"has-text-align-center\">Liebe Mitb\u00fcrgerinnen und Mitb\u00fcrger,<br>\u201eNie wieder ist jetzt!\u201c Dieser Aufruf war bei allen bisherigen Demonstrationen<br>und Kundgebungen zu h\u00f6ren. Noch nie war er so bedeutsam. Es ist eine ungeheuerliche<br>Tatsache, dass Menschen mit Migrationshintergrund durch rechtsextremistische<br>Gruppen und Parteien wie die AfD ausgegrenzt und bedroht werden. Was die<br>Rechtsextremisten \u201eRemigration\u201c nennen, bedeutet Vertreibung von B\u00fcrgerinnen und<br>B\u00fcrgern aus unserer Mitte. Auch j\u00fcdische Menschen werden verst\u00e4rkt angefeindet.<\/p>\n\n\n\n<p class=\"has-text-align-center\"><br>Rechtsextremismus, Rassismus und Antisemitismus bedrohen unsere Grundwerte. Wir<br>sehen, wie sich das politische Klima ver\u00e4ndert. \u00c4ngste vor Ver\u00e4nderungen, Verlust<br>und Armut werden absichtlich gesch\u00fcrt. Menschen werden gegeneinander ausgespielt.<br>Unser gesellschaftliches Zusammenleben, die Vielfalt und Fairness sind bedroht.<\/p>\n\n\n\n<p class=\"has-text-align-center\"><br><strong>Unsere Demokratie ist in Gefahr.<\/strong><br><\/p>\n\n\n\n<p class=\"has-text-align-center\">Wir sind entschlossen, laut und aktiv zu werden. Wir stehen zusammen f\u00fcr eine offene<br>und solidarische Gesellschaft, f\u00fcr unsere Demokratie in Deutschland. Wir d\u00fcrfen nicht<br>schweigen! Menschen aus \u00fcber 100 Nationen leben zusammen in unserer Stadt, viele<br>seit langem. Das soll so bleiben.<\/p>\n\n\n\n<p class=\"has-text-align-center\"><br><strong>Nun sind wir ALLE gefragt:<\/strong><br><\/p>\n\n\n\n<p class=\"has-text-align-center\"><strong>Schwalbach steht auf f\u00fcr Demokratie und Vielfalt!<\/strong><\/p>\n\n\n\n<p class=\"has-text-align-center\"><br>&#8211; F\u00fcr Solidarit\u00e4t und Respekt. F\u00fcr Menschenw\u00fcrde, gegen Ausgrenzung.<br>&#8211; Gegen Rassismus und Antisemitismus &#8211; Keine Chance f\u00fcr Hass und Hetze.<br>&#8211;  F\u00fcr eine gerechte Gesellschaft, die niemanden zur\u00fcckl\u00e4sst.<br>&#8211;  F\u00fcr Selbstbestimmung und Menschenrechte f\u00fcr Alle.<\/p>\n\n\n\n<p class=\"has-text-align-center\"><br>Wir laden ein zur Kundgebung<br>am Samstag, 27. April 2024, 12:00 Uhr auf den Marktplatz (Limes).<br>Zuvor geht ein Demonstrationszug ab 11 Uhr von der Geschwister-Scholl-<br>Schule\/Alte Kapelle zur Kundgebung \u2013 dazu sind Sie ebenfalls herzlich eingeladen.<br>Aktionsb\u00fcndnis von B\u00fcrgerinnen und B\u00fcrgern, Vereinen, Firmen und Institutionen<br>in Schwalbach am Taunus und Umgebung.<br>Herausgeberin: Deutsch-Ausl\u00e4ndische Gemeinschaft Schwalbach e.V. (www.dags-schwalbach.de)<\/p>\n","protected":false},"excerpt":{"rendered":"<p>Schwalbach steht auf f\u00fcr Demokratie und Vielfalt! Kundgebung am Samstag, 27. April 2024 Liebe Mitb\u00fcrgerinnen und Mitb\u00fcrger,\u201eNie wieder ist jetzt!\u201c Dieser Aufruf war bei allen bisherigen Demonstrationenund Kundgebungen zu h\u00f6ren. Noch nie war er so bedeutsam. Es ist eine ungeheuerlicheTatsache, dass Menschen mit Migrationshintergrund durch rechtsextremistischeGruppen und Parteien wie die AfD ausgegrenzt und bedroht werden. [&hellip;]<\/p>\n","protected":false},"author":1,"featured_media":525,"comment_status":"open","ping_status":"open","sticky":false,"template":"","format":"standard","meta":{"footnotes":""},"categories":[13,5],"tags":[27,29,28],"class_list":["post-522","post","type-post","status-publish","format-standard","has-post-thumbnail","hentry","category-aktuelles","category-veranstaltungen","tag-demokratie","tag-schwalbach","tag-vielfalt"],"_links":{"self":[{"href":"https:\/\/dags-schwalbach.de\/index.php?rest_route=\/wp\/v2\/posts\/522","targetHints":{"allow":["GET"]}}],"collection":[{"href":"https:\/\/dags-schwalbach.de\/index.php?rest_route=\/wp\/v2\/posts"}],"about":[{"href":"https:\/\/dags-schwalbach.de\/index.php?rest_route=\/wp\/v2\/types\/post"}],"author":[{"embeddable":true,"href":"https:\/\/dags-schwalbach.de\/index.php?rest_route=\/wp\/v2\/users\/1"}],"replies":[{"embeddable":true,"href":"https:\/\/dags-schwalbach.de\/index.php?rest_route=%2Fwp%2Fv2%2Fcomments&post=522"}],"version-history":[{"count":5,"href":"https:\/\/dags-schwalbach.de\/index.php?rest_route=\/wp\/v2\/posts\/522\/revisions"}],"predecessor-version":[{"id":533,"href":"https:\/\/dags-schwalbach.de\/index.php?rest_route=\/wp\/v2\/posts\/522\/revisions\/533"}],"wp:featuredmedia":[{"embeddable":true,"href":"https:\/\/dags-schwalbach.de\/index.php?rest_route=\/wp\/v2\/media\/525"}],"wp:attachment":[{"href":"https:\/\/dags-schwalbach.de\/index.php?rest_route=%2Fwp%2Fv2%2Fmedia&parent=522"}],"wp:term":[{"taxonomy":"category","embeddable":true,"href":"https:\/\/dags-schwalbach.de\/index.php?rest_route=%2Fwp%2Fv2%2Fcategories&post=522"},{"taxonomy":"post_tag","embeddable":true,"href":"https:\/\/dags-schwalbach.de\/index.php?rest_route=%2Fwp%2Fv2%2Ftags&post=522"}],"curies":[{"name":"wp","href":"https:\/\/api.w.org\/{rel}","templated":true}]}}