{"id":535,"date":"2024-05-05T22:19:42","date_gmt":"2024-05-05T22:19:42","guid":{"rendered":"https:\/\/dags-schwalbach.de\/?p=535"},"modified":"2024-05-14T22:46:04","modified_gmt":"2024-05-14T22:46:04","slug":"schwalbach-steht-auf-fuer-demokratie-und-vielfalt-2","status":"publish","type":"post","link":"https:\/\/dags-schwalbach.de\/?p=535","title":{"rendered":"Schwalbach steht auf f\u00fcr Demokratie und Vielfalt"},"content":{"rendered":"\n<p>Liebe Besucher der Homepage der Deutsch-Ausl\u00e4ndischen Gemeinschaft Schwalbach,<\/p>\n\n\n\n<figure class=\"wp-block-image size-large is-resized\"><img loading=\"lazy\" decoding=\"async\" width=\"1024\" height=\"560\" src=\"https:\/\/dags-schwalbach.de\/wp-content\/uploads\/2024\/05\/2024_04_27-Schwalbach-steht-auf-fuer-Demokratie-und-Vielfalt-30-klein01-1024x560.jpg\" alt=\"\" class=\"wp-image-537\" style=\"width:840px;height:auto\" srcset=\"https:\/\/dags-schwalbach.de\/wp-content\/uploads\/2024\/05\/2024_04_27-Schwalbach-steht-auf-fuer-Demokratie-und-Vielfalt-30-klein01-1024x560.jpg 1024w, https:\/\/dags-schwalbach.de\/wp-content\/uploads\/2024\/05\/2024_04_27-Schwalbach-steht-auf-fuer-Demokratie-und-Vielfalt-30-klein01-300x164.jpg 300w, https:\/\/dags-schwalbach.de\/wp-content\/uploads\/2024\/05\/2024_04_27-Schwalbach-steht-auf-fuer-Demokratie-und-Vielfalt-30-klein01-768x420.jpg 768w, https:\/\/dags-schwalbach.de\/wp-content\/uploads\/2024\/05\/2024_04_27-Schwalbach-steht-auf-fuer-Demokratie-und-Vielfalt-30-klein01-1536x840.jpg 1536w, https:\/\/dags-schwalbach.de\/wp-content\/uploads\/2024\/05\/2024_04_27-Schwalbach-steht-auf-fuer-Demokratie-und-Vielfalt-30-klein01-2048x1120.jpg 2048w\" sizes=\"auto, (max-width: 1024px) 100vw, 1024px\" \/><\/figure>\n\n\n\n<p>Foto: L\u00fcrtzener<\/p>\n\n\n\n<p>an der Doppelveranstaltung am Samstag, 27.4.2024, haben etwa 500 bis 600 Kinder, Jugendliche und Erwachsene teilgenommen.<\/p>\n\n\n\n\n\n<p>Ein Demonstrationszug begann gegen 11 Uhr gegen\u00fcber der Geschwister-Scholl-Schule und zog einen Kilometer mit 200 bis 300 Teilnehmern durch die Stadt. Mehrere Banner und viele individuelle Meinungsschilder wurden von Teilnehmer:innen aller Altersstufen getragen.<\/p>\n\n\n\n<p>Die Kundgebung unter dem Motto <strong><u>Schwalbach steht auf f\u00fcr Demokratie und Vielfalt<\/u><\/strong> wurde um 12 Uhr von Moderator Wilfried H\u00fclsemann (Deutsch-Ausl\u00e4ndische Gemeinschaft Schwalbach) auf dem unteren Marktplatz er\u00f6ffnet. Musik trug bereits vorher, w\u00e4hrend und anschlie\u00dfend zu der sehr positiven Stimmung bei.<\/p>\n\n\n\n<figure class=\"wp-block-image size-large\"><img loading=\"lazy\" decoding=\"async\" width=\"1024\" height=\"573\" src=\"https:\/\/dags-schwalbach.de\/wp-content\/uploads\/2024\/05\/2024_04_27-Schwalbach-steht-auf-fuer-Demokratie-und-Vielfalt-93_kleiner-1024x573.jpg\" alt=\"\" class=\"wp-image-541\" srcset=\"https:\/\/dags-schwalbach.de\/wp-content\/uploads\/2024\/05\/2024_04_27-Schwalbach-steht-auf-fuer-Demokratie-und-Vielfalt-93_kleiner-1024x573.jpg 1024w, https:\/\/dags-schwalbach.de\/wp-content\/uploads\/2024\/05\/2024_04_27-Schwalbach-steht-auf-fuer-Demokratie-und-Vielfalt-93_kleiner-300x168.jpg 300w, https:\/\/dags-schwalbach.de\/wp-content\/uploads\/2024\/05\/2024_04_27-Schwalbach-steht-auf-fuer-Demokratie-und-Vielfalt-93_kleiner-768x430.jpg 768w, https:\/\/dags-schwalbach.de\/wp-content\/uploads\/2024\/05\/2024_04_27-Schwalbach-steht-auf-fuer-Demokratie-und-Vielfalt-93_kleiner-1536x859.jpg 1536w, https:\/\/dags-schwalbach.de\/wp-content\/uploads\/2024\/05\/2024_04_27-Schwalbach-steht-auf-fuer-Demokratie-und-Vielfalt-93_kleiner-2048x1146.jpg 2048w\" sizes=\"auto, (max-width: 1024px) 100vw, 1024px\" \/><\/figure>\n\n\n\n<p>Foto: L\u00fcrtzener<\/p>\n\n\n\n<p>Rund 30 Redende (alle mit kurzer und kontrollierter Redezeit) sprachen \u00fcber die Fluchtgr\u00fcnde ihrer Familien, ihre Erfahrungen bei der Integration und die Bedeutung des Erhalts demokratischer Strukturen in Deutschland. Hass und Hetze wie von rechtsextremistischen Gruppen und Parteien wurden abgelehnt.<\/p>\n\n\n\n<figure class=\"wp-block-image size-large\"><img loading=\"lazy\" decoding=\"async\" width=\"1024\" height=\"534\" src=\"https:\/\/dags-schwalbach.de\/wp-content\/uploads\/2024\/05\/2024_04_27-Schwalbach-steht-auf-fuer-Demokratie-und-Vielfalt-139-1024x534.jpg\" alt=\"\" class=\"wp-image-550\" srcset=\"https:\/\/dags-schwalbach.de\/wp-content\/uploads\/2024\/05\/2024_04_27-Schwalbach-steht-auf-fuer-Demokratie-und-Vielfalt-139-1024x534.jpg 1024w, https:\/\/dags-schwalbach.de\/wp-content\/uploads\/2024\/05\/2024_04_27-Schwalbach-steht-auf-fuer-Demokratie-und-Vielfalt-139-300x156.jpg 300w, https:\/\/dags-schwalbach.de\/wp-content\/uploads\/2024\/05\/2024_04_27-Schwalbach-steht-auf-fuer-Demokratie-und-Vielfalt-139-768x400.jpg 768w, https:\/\/dags-schwalbach.de\/wp-content\/uploads\/2024\/05\/2024_04_27-Schwalbach-steht-auf-fuer-Demokratie-und-Vielfalt-139-1536x800.jpg 1536w, https:\/\/dags-schwalbach.de\/wp-content\/uploads\/2024\/05\/2024_04_27-Schwalbach-steht-auf-fuer-Demokratie-und-Vielfalt-139-2048x1067.jpg 2048w\" sizes=\"auto, (max-width: 1024px) 100vw, 1024px\" \/><\/figure>\n\n\n\n<p>Die hier gezeigten Fotos (von Christina Broda, R\u00f3zsa H\u00fclsemann und Achim L\u00fcrtzener) mit vielf\u00e4ltigen Szenen der beiden Veranstaltungsteile geben einen ersten Eindruck. Fotos von weiteren Redner:innen sind noch in Vorbereitung \u2013 wir holen gerade die daf\u00fcr notwendigen individuellen Zustimmungserkl\u00e4rungen ein.<\/p>\n\n\n\n<p>Das <strong>Aktionsb\u00fcndnis von B\u00fcrgerinnen und B\u00fcrgern, Vereinen, Firmen und Institutionen in Schwalbach am Taunus und Umgebung <\/strong>umfasst inzwischen \u00fcber vierzig institutionelle und Unterst\u00fctzerinnen sowie Privatpersonen und plant weitere Veranstaltungen, mit denen die Ziele unseres Aufrufs erf\u00fcllt werden k\u00f6nnen.<\/p>\n\n\n\n<p>Laden Sie sich bitte das Unterst\u00fctzerformular herunter, f\u00fcllen Sie es aus und senden Sie es zur\u00fcck per Email an <a href=\"mailto:info@dags-schwalbach.de\">info@dags-schwalbach.de<\/a> .<\/p>\n\n\n\n\n\n<p>Zur Deckung der bislang ungef\u00e4hr 1.500 \u20ac betragenden Unkosten sind wir auf Ihre Unterst\u00fctzung angewiesen. Viele der Kundgebungsteilnehmer:innen haben am 27. 4. schon gespendet \u2013 vielen Dank daf\u00fcr \u2013 aber insgesamt reicht das noch nicht.<\/p>\n\n\n\n<figure class=\"wp-block-image size-large\"><img loading=\"lazy\" decoding=\"async\" width=\"1024\" height=\"683\" src=\"https:\/\/dags-schwalbach.de\/wp-content\/uploads\/2024\/05\/2024_04_27-Schwalbach-steht-auf-fuer-Demokratie-und-Vielfalt-33-1024x683.jpg\" alt=\"\" class=\"wp-image-549\" srcset=\"https:\/\/dags-schwalbach.de\/wp-content\/uploads\/2024\/05\/2024_04_27-Schwalbach-steht-auf-fuer-Demokratie-und-Vielfalt-33-1024x683.jpg 1024w, https:\/\/dags-schwalbach.de\/wp-content\/uploads\/2024\/05\/2024_04_27-Schwalbach-steht-auf-fuer-Demokratie-und-Vielfalt-33-300x200.jpg 300w, https:\/\/dags-schwalbach.de\/wp-content\/uploads\/2024\/05\/2024_04_27-Schwalbach-steht-auf-fuer-Demokratie-und-Vielfalt-33-768x512.jpg 768w\" sizes=\"auto, (max-width: 1024px) 100vw, 1024px\" \/><\/figure>\n\n\n\n<p>Wie hie\u00df es auf Schildern unserer Kundgebung beispielsweise: \u201eDemokratien brauchen AKTIVE DEMOKRATEN\u201c oder \u201e \u201aNie wieder\u2018 ist JETZT!\u201c<\/p>\n\n\n\n<p><\/p>\n","protected":false},"excerpt":{"rendered":"<p>Liebe Besucher der Homepage der Deutsch-Ausl\u00e4ndischen Gemeinschaft Schwalbach, Foto: L\u00fcrtzener an der Doppelveranstaltung am Samstag, 27.4.2024, haben etwa 500 bis 600 Kinder, Jugendliche und Erwachsene teilgenommen. Ein Demonstrationszug begann gegen 11 Uhr gegen\u00fcber der Geschwister-Scholl-Schule und zog einen Kilometer mit 200 bis 300 Teilnehmern durch die Stadt. Mehrere Banner und viele individuelle Meinungsschilder wurden von [&hellip;]<\/p>\n","protected":false},"author":1,"featured_media":537,"comment_status":"open","ping_status":"open","sticky":false,"template":"","format":"standard","meta":{"footnotes":""},"categories":[13,1,5],"tags":[],"class_list":["post-535","post","type-post","status-publish","format-standard","has-post-thumbnail","hentry","category-aktuelles","category-start","category-veranstaltungen"],"_links":{"self":[{"href":"https:\/\/dags-schwalbach.de\/index.php?rest_route=\/wp\/v2\/posts\/535","targetHints":{"allow":["GET"]}}],"collection":[{"href":"https:\/\/dags-schwalbach.de\/index.php?rest_route=\/wp\/v2\/posts"}],"about":[{"href":"https:\/\/dags-schwalbach.de\/index.php?rest_route=\/wp\/v2\/types\/post"}],"author":[{"embeddable":true,"href":"https:\/\/dags-schwalbach.de\/index.php?rest_route=\/wp\/v2\/users\/1"}],"replies":[{"embeddable":true,"href":"https:\/\/dags-schwalbach.de\/index.php?rest_route=%2Fwp%2Fv2%2Fcomments&post=535"}],"version-history":[{"count":10,"href":"https:\/\/dags-schwalbach.de\/index.php?rest_route=\/wp\/v2\/posts\/535\/revisions"}],"predecessor-version":[{"id":557,"href":"https:\/\/dags-schwalbach.de\/index.php?rest_route=\/wp\/v2\/posts\/535\/revisions\/557"}],"wp:featuredmedia":[{"embeddable":true,"href":"https:\/\/dags-schwalbach.de\/index.php?rest_route=\/wp\/v2\/media\/537"}],"wp:attachment":[{"href":"https:\/\/dags-schwalbach.de\/index.php?rest_route=%2Fwp%2Fv2%2Fmedia&parent=535"}],"wp:term":[{"taxonomy":"category","embeddable":true,"href":"https:\/\/dags-schwalbach.de\/index.php?rest_route=%2Fwp%2Fv2%2Fcategories&post=535"},{"taxonomy":"post_tag","embeddable":true,"href":"https:\/\/dags-schwalbach.de\/index.php?rest_route=%2Fwp%2Fv2%2Ftags&post=535"}],"curies":[{"name":"wp","href":"https:\/\/api.w.org\/{rel}","templated":true}]}}