{"id":559,"date":"2024-06-13T20:26:05","date_gmt":"2024-06-13T20:26:05","guid":{"rendered":"https:\/\/dags-schwalbach.de\/?p=559"},"modified":"2024-06-27T20:33:41","modified_gmt":"2024-06-27T20:33:41","slug":"5564-schwalbacher-waehler-bremsen-die-afd","status":"publish","type":"post","link":"https:\/\/dags-schwalbach.de\/?p=559","title":{"rendered":"5564 Schwalbacher W\u00e4hler bremsen die AfD"},"content":{"rendered":"\n<p><strong>5564 Schwalbacher W\u00e4hler bremsen die AfD \u2013<\/strong> <strong>\u00fcber 90% w\u00e4hlen Demokratie und Vielfalt<\/strong><\/p>\n\n\n\n<p class=\"has-text-align-center\"><em>Dazu hat vermutlich auch die Kundgebung vom 27. April beigetragen \u2013 also haben sich die Bem\u00fchungen des \u201eSchwalbacher Aktionsb\u00fcndnisses\u201c gelohnt: Nur 613 Stimmen f\u00fcr AfD!<\/em><\/p>\n\n\n\n<p>Am 8. Juli (B\u00fcrgerhaus, Raum 9\/10, 19 Uhr) trifft sich das \u201eOrganisationteam\u201c des im Februar 2024 aus der Mitte der Zivilgesellschaft heraus gegr\u00fcndeten B\u00fcndnisses \u2013 auch, um zu diskutieren, wie die gesammelten Redetexte und Fotos sinnvoll verwendet werden k\u00f6nnen. Auch neue Interessenten sind herzlich eingeladen.<\/p>\n\n\n\n<p>Bundesweit hat die AfD knapp 16 % erreicht und ist \u2013 besonders in den neuen Bundesl\u00e4ndern <strong>\u2013 eine sehr ernste Gefahr f\u00fcr unsere Demokratie<\/strong>. In Sachsen w\u00e4hlten 31,8% AfD, 21,8% CDU, 12,6% BSW. Alle anderen Parteien im EINSTELLIGEN Bereich.<\/p>\n\n\n\n<p>Was k\u00f6nnte der Eintritt der AfD in eine Landesregierung beispielsweise f\u00fcr die Schulen bedeuten? Ein Gewerkschafter aus Baden-W\u00fcrttemberg hat zu diesem Thema \u00c4u\u00dferungen von AfD-Politikern analysiert <a href=\"https:\/\/dags-schwalbach.de\/wp-content\/uploads\/2024\/06\/153-Anlage-2-EW-202406-Hintergrund-Die-AFD-und-die-Bildungspolitik-Erhard-Korn-1.pdf\">\u2013 <strong>siehe Anhang 2.<\/strong><\/a><\/p>\n","protected":false},"excerpt":{"rendered":"<p>5564 Schwalbacher W\u00e4hler bremsen die AfD \u2013 \u00fcber 90% w\u00e4hlen Demokratie und Vielfalt Dazu hat vermutlich auch die Kundgebung vom 27. April beigetragen \u2013 also haben sich die Bem\u00fchungen des \u201eSchwalbacher Aktionsb\u00fcndnisses\u201c gelohnt: Nur 613 Stimmen f\u00fcr AfD! Am 8. Juli (B\u00fcrgerhaus, Raum 9\/10, 19 Uhr) trifft sich das \u201eOrganisationteam\u201c des im Februar 2024 aus [&hellip;]<\/p>\n","protected":false},"author":1,"featured_media":546,"comment_status":"open","ping_status":"open","sticky":false,"template":"","format":"standard","meta":{"footnotes":""},"categories":[13,5],"tags":[],"class_list":["post-559","post","type-post","status-publish","format-standard","has-post-thumbnail","hentry","category-aktuelles","category-veranstaltungen"],"_links":{"self":[{"href":"https:\/\/dags-schwalbach.de\/index.php?rest_route=\/wp\/v2\/posts\/559","targetHints":{"allow":["GET"]}}],"collection":[{"href":"https:\/\/dags-schwalbach.de\/index.php?rest_route=\/wp\/v2\/posts"}],"about":[{"href":"https:\/\/dags-schwalbach.de\/index.php?rest_route=\/wp\/v2\/types\/post"}],"author":[{"embeddable":true,"href":"https:\/\/dags-schwalbach.de\/index.php?rest_route=\/wp\/v2\/users\/1"}],"replies":[{"embeddable":true,"href":"https:\/\/dags-schwalbach.de\/index.php?rest_route=%2Fwp%2Fv2%2Fcomments&post=559"}],"version-history":[{"count":3,"href":"https:\/\/dags-schwalbach.de\/index.php?rest_route=\/wp\/v2\/posts\/559\/revisions"}],"predecessor-version":[{"id":563,"href":"https:\/\/dags-schwalbach.de\/index.php?rest_route=\/wp\/v2\/posts\/559\/revisions\/563"}],"wp:featuredmedia":[{"embeddable":true,"href":"https:\/\/dags-schwalbach.de\/index.php?rest_route=\/wp\/v2\/media\/546"}],"wp:attachment":[{"href":"https:\/\/dags-schwalbach.de\/index.php?rest_route=%2Fwp%2Fv2%2Fmedia&parent=559"}],"wp:term":[{"taxonomy":"category","embeddable":true,"href":"https:\/\/dags-schwalbach.de\/index.php?rest_route=%2Fwp%2Fv2%2Fcategories&post=559"},{"taxonomy":"post_tag","embeddable":true,"href":"https:\/\/dags-schwalbach.de\/index.php?rest_route=%2Fwp%2Fv2%2Ftags&post=559"}],"curies":[{"name":"wp","href":"https:\/\/api.w.org\/{rel}","templated":true}]}}