{"id":564,"date":"2024-06-14T20:34:13","date_gmt":"2024-06-14T20:34:13","guid":{"rendered":"https:\/\/dags-schwalbach.de\/?p=564"},"modified":"2024-06-27T20:34:52","modified_gmt":"2024-06-27T20:34:52","slug":"gestern-heute-morgen-benefizkonzert-von-kalyna-bad-soden","status":"publish","type":"post","link":"https:\/\/dags-schwalbach.de\/?p=564","title":{"rendered":"\u201eGestern. Heute. Morgen.\u201c \u2013 Benefizkonzert von \u201eKalyna Bad Soden\u201c"},"content":{"rendered":"\n<p><strong>Veranstaltungshinweis:<\/strong><\/p>\n\n\n\n<h1 class=\"wp-block-heading\">\u201eGestern. Heute. Morgen.\u201c \u2013 Benefizkonzert von \u201eKalyna Bad Soden\u201c<br><strong>am <u>15. Juni um 18 Uhr<\/u> i<\/strong>n der Ev. Kirche. Zum Quellenpark 26, Bad Soden.<\/h1>\n\n\n\n<p>Genau vor 2 Jahren fing es genau in dieser Kirche an. Das frischgegr\u00fcndete Ensemble \u201eKalyna Bad Soden\u201c&nbsp;hatte sein erstes Benefizkonzert unter der Leitung von Yulia Lesina in unserer Kirche. Das Ensemble setzt&nbsp;sich aus ukrainischen Gefl\u00fcchteten zusammen, deren Stimmengewalt die Zuh\u00f6renden von Anfang an&nbsp;nachhaltig beeindruckt hat. Nicht zuletzt auch mit den St\u00fccken, mit denen sie Gottesdienste in der&nbsp;Weihnachtszeit bereichert haben. Es geht unter die Haut, wie gemeinsames Singen allen Beteiligten hilft, die aktuelle Situation zu meistern und dazu beitr\u00e4gt, ihre nationale Identit\u00e4t und das kulturelle Erbe zu wahren.&nbsp;Beim Benefizkonzert \u201eGestern. Heute. Morgen.\u201c wird die Gruppe ukrainische Volkslieder sowie eigene&nbsp;Werke von Yulia Lesina auff\u00fchren.<br><br><strong><\/strong><\/p>\n\n\n\n<p>Alles Gute,&nbsp;&nbsp; Wilfried H\u00fclsemann<\/p>\n","protected":false},"excerpt":{"rendered":"<p>Veranstaltungshinweis: \u201eGestern. Heute. Morgen.\u201c \u2013 Benefizkonzert von \u201eKalyna Bad Soden\u201cam 15. Juni um 18 Uhr in der Ev. Kirche. Zum Quellenpark 26, Bad Soden. Genau vor 2 Jahren fing es genau in dieser Kirche an. Das frischgegr\u00fcndete Ensemble \u201eKalyna Bad Soden\u201c&nbsp;hatte sein erstes Benefizkonzert unter der Leitung von Yulia Lesina in unserer Kirche. Das Ensemble [&hellip;]<\/p>\n","protected":false},"author":1,"featured_media":460,"comment_status":"open","ping_status":"open","sticky":false,"template":"","format":"standard","meta":{"footnotes":""},"categories":[13,18,5],"tags":[],"class_list":["post-564","post","type-post","status-publish","format-standard","has-post-thumbnail","hentry","category-aktuelles","category-termine","category-veranstaltungen"],"_links":{"self":[{"href":"https:\/\/dags-schwalbach.de\/index.php?rest_route=\/wp\/v2\/posts\/564","targetHints":{"allow":["GET"]}}],"collection":[{"href":"https:\/\/dags-schwalbach.de\/index.php?rest_route=\/wp\/v2\/posts"}],"about":[{"href":"https:\/\/dags-schwalbach.de\/index.php?rest_route=\/wp\/v2\/types\/post"}],"author":[{"embeddable":true,"href":"https:\/\/dags-schwalbach.de\/index.php?rest_route=\/wp\/v2\/users\/1"}],"replies":[{"embeddable":true,"href":"https:\/\/dags-schwalbach.de\/index.php?rest_route=%2Fwp%2Fv2%2Fcomments&post=564"}],"version-history":[{"count":1,"href":"https:\/\/dags-schwalbach.de\/index.php?rest_route=\/wp\/v2\/posts\/564\/revisions"}],"predecessor-version":[{"id":565,"href":"https:\/\/dags-schwalbach.de\/index.php?rest_route=\/wp\/v2\/posts\/564\/revisions\/565"}],"wp:featuredmedia":[{"embeddable":true,"href":"https:\/\/dags-schwalbach.de\/index.php?rest_route=\/wp\/v2\/media\/460"}],"wp:attachment":[{"href":"https:\/\/dags-schwalbach.de\/index.php?rest_route=%2Fwp%2Fv2%2Fmedia&parent=564"}],"wp:term":[{"taxonomy":"category","embeddable":true,"href":"https:\/\/dags-schwalbach.de\/index.php?rest_route=%2Fwp%2Fv2%2Fcategories&post=564"},{"taxonomy":"post_tag","embeddable":true,"href":"https:\/\/dags-schwalbach.de\/index.php?rest_route=%2Fwp%2Fv2%2Ftags&post=564"}],"curies":[{"name":"wp","href":"https:\/\/api.w.org\/{rel}","templated":true}]}}