{"id":625,"date":"2024-09-28T19:37:23","date_gmt":"2024-09-28T19:37:23","guid":{"rendered":"https:\/\/dags-schwalbach.de\/?p=625"},"modified":"2024-09-30T19:37:54","modified_gmt":"2024-09-30T19:37:54","slug":"neue-gruppen-beim-interkulturellen-marktplatzfest","status":"publish","type":"post","link":"https:\/\/dags-schwalbach.de\/?p=625","title":{"rendered":"Neue Gruppen beim Interkulturellen Marktplatzfest"},"content":{"rendered":"\n<p>\u201eRancho Folcl\u00f3rico Portugues da Communidade de Mainz\u201c (hier auf der B\u00fchne)<\/p>\n\n\n\n<figure class=\"wp-block-image size-full is-resized\"><img loading=\"lazy\" decoding=\"async\" width=\"616\" height=\"246\" src=\"https:\/\/dags-schwalbach.de\/wp-content\/uploads\/2024\/09\/grafik.png\" alt=\"\" class=\"wp-image-626\" style=\"width:840px;height:auto\" srcset=\"https:\/\/dags-schwalbach.de\/wp-content\/uploads\/2024\/09\/grafik.png 616w, https:\/\/dags-schwalbach.de\/wp-content\/uploads\/2024\/09\/grafik-300x120.png 300w\" sizes=\"auto, (max-width: 616px) 100vw, 616px\" \/><\/figure>\n\n\n\n<p> \u201eNapua o Main Taunus\u201c sowie die K-Pop Gruppe des TSC Schwalbach begeisterten die G\u00e4ste erstmals \u2013 acht weitere Gruppen traten erneut auf und verzauberten ihr Publikum. <\/p>\n\n\n\n<p>Sie alle hoffen, im n\u00e4chsten Jahr wieder mit dabei zu sein. \u2013 <\/p>\n\n\n\n<p>Die kulinarischen Spezialit\u00e4ten aus f\u00fcnf fernen L\u00e4ndern, \u201etypisch deutsche Speisen\u201c und Getr\u00e4nke sowie einige am Festsonntag ge\u00f6ffnete Gesch\u00e4fte trugen dazu bei, dass viele G\u00e4ste von 12 bis 19 Uhr das interkulturelle Ambiente genie\u00dfen konnten. <\/p>\n\n\n\n<p>Ein gro\u00dfer Dank an die vielen freiwilligen Helfer.<\/p>\n","protected":false},"excerpt":{"rendered":"<p>\u201eRancho Folcl\u00f3rico Portugues da Communidade de Mainz\u201c (hier auf der B\u00fchne) \u201eNapua o Main Taunus\u201c sowie die K-Pop Gruppe des TSC Schwalbach begeisterten die G\u00e4ste erstmals \u2013 acht weitere Gruppen traten erneut auf und verzauberten ihr Publikum. Sie alle hoffen, im n\u00e4chsten Jahr wieder mit dabei zu sein. \u2013 Die kulinarischen Spezialit\u00e4ten aus f\u00fcnf fernen [&hellip;]<\/p>\n","protected":false},"author":1,"featured_media":626,"comment_status":"open","ping_status":"open","sticky":false,"template":"","format":"standard","meta":{"footnotes":""},"categories":[13,5],"tags":[],"class_list":["post-625","post","type-post","status-publish","format-standard","has-post-thumbnail","hentry","category-aktuelles","category-veranstaltungen"],"_links":{"self":[{"href":"https:\/\/dags-schwalbach.de\/index.php?rest_route=\/wp\/v2\/posts\/625","targetHints":{"allow":["GET"]}}],"collection":[{"href":"https:\/\/dags-schwalbach.de\/index.php?rest_route=\/wp\/v2\/posts"}],"about":[{"href":"https:\/\/dags-schwalbach.de\/index.php?rest_route=\/wp\/v2\/types\/post"}],"author":[{"embeddable":true,"href":"https:\/\/dags-schwalbach.de\/index.php?rest_route=\/wp\/v2\/users\/1"}],"replies":[{"embeddable":true,"href":"https:\/\/dags-schwalbach.de\/index.php?rest_route=%2Fwp%2Fv2%2Fcomments&post=625"}],"version-history":[{"count":1,"href":"https:\/\/dags-schwalbach.de\/index.php?rest_route=\/wp\/v2\/posts\/625\/revisions"}],"predecessor-version":[{"id":627,"href":"https:\/\/dags-schwalbach.de\/index.php?rest_route=\/wp\/v2\/posts\/625\/revisions\/627"}],"wp:featuredmedia":[{"embeddable":true,"href":"https:\/\/dags-schwalbach.de\/index.php?rest_route=\/wp\/v2\/media\/626"}],"wp:attachment":[{"href":"https:\/\/dags-schwalbach.de\/index.php?rest_route=%2Fwp%2Fv2%2Fmedia&parent=625"}],"wp:term":[{"taxonomy":"category","embeddable":true,"href":"https:\/\/dags-schwalbach.de\/index.php?rest_route=%2Fwp%2Fv2%2Fcategories&post=625"},{"taxonomy":"post_tag","embeddable":true,"href":"https:\/\/dags-schwalbach.de\/index.php?rest_route=%2Fwp%2Fv2%2Ftags&post=625"}],"curies":[{"name":"wp","href":"https:\/\/api.w.org\/{rel}","templated":true}]}}