{"id":628,"date":"2024-09-30T19:41:34","date_gmt":"2024-09-30T19:41:34","guid":{"rendered":"https:\/\/dags-schwalbach.de\/?p=628"},"modified":"2024-09-30T19:41:34","modified_gmt":"2024-09-30T19:41:34","slug":"dags-berlin-film-und-reger-austausch","status":"publish","type":"post","link":"https:\/\/dags-schwalbach.de\/?p=628","title":{"rendered":"\u201eDAGS-Berlin-Film\u201c und reger Austausch"},"content":{"rendered":"\n<p><strong>\u201eDAGS-Berlin-Film\u201c und reger Austausch<\/strong><\/p>\n\n\n\n<figure class=\"wp-block-image size-full is-resized\"><img loading=\"lazy\" decoding=\"async\" width=\"591\" height=\"374\" src=\"https:\/\/dags-schwalbach.de\/wp-content\/uploads\/2024\/09\/grafik-1.png\" alt=\"\" class=\"wp-image-629\" style=\"width:840px;height:auto\" srcset=\"https:\/\/dags-schwalbach.de\/wp-content\/uploads\/2024\/09\/grafik-1.png 591w, https:\/\/dags-schwalbach.de\/wp-content\/uploads\/2024\/09\/grafik-1-300x190.png 300w\" sizes=\"auto, (max-width: 591px) 100vw, 591px\" \/><figcaption class=\"wp-element-caption\">Fotos: DAGS\u00a0\u00a0\u00a0\u00a0\u00a0\u00a0\u00a0\u00a0\u00a0\u00a0\u00a0\u00a0\u00a0\u00a0\u00a0\u00a0\u00a0\u00a0\u00a0\u00a0\u00a0\u00a0\u00a0\u00a0\u00a0\u00a0\u00a0\u00a0\u00a0\u00a0\u00a0\u00a0\u00a0\u00a0\u00a0\u00a0\u00a0\u00a0\u00a0\u00a0\u00a0\u00a0\u00a0\u00a0\u00a0\u00a0\u00a0\u00a0\u00a0\u00a0\u00a0\u00a0\u00a0\u00a0\u00a0<\/figcaption><\/figure>\n\n\n\n<p>Mehr als 50 Besucher kamen am 25. September zu dieser Veranstaltung der DAGS. <\/p>\n\n\n\n<p>Der einf\u00fchlsame Filmbeitrag von Horst und Petra Rauer zeigte Berlin in so unterschiedlichen und<\/p>\n\n\n\n<p> unterhaltsamen Facetten, dass am Schluss begeistert Beifall gespendet wurde.<\/p>\n\n\n\n<figure class=\"wp-block-image size-full is-resized\"><img loading=\"lazy\" decoding=\"async\" width=\"576\" height=\"348\" src=\"https:\/\/dags-schwalbach.de\/wp-content\/uploads\/2024\/09\/grafik-2.png\" alt=\"\" class=\"wp-image-630\" style=\"width:840px;height:auto\" srcset=\"https:\/\/dags-schwalbach.de\/wp-content\/uploads\/2024\/09\/grafik-2.png 576w, https:\/\/dags-schwalbach.de\/wp-content\/uploads\/2024\/09\/grafik-2-300x181.png 300w\" sizes=\"auto, (max-width: 576px) 100vw, 576px\" \/><figcaption class=\"wp-element-caption\">Fotos: DAGS\u00a0\u00a0\u00a0\u00a0\u00a0\u00a0\u00a0\u00a0\u00a0\u00a0\u00a0\u00a0\u00a0\u00a0\u00a0\u00a0\u00a0\u00a0\u00a0\u00a0\u00a0\u00a0\u00a0\u00a0\u00a0\u00a0\u00a0\u00a0\u00a0\u00a0\u00a0\u00a0\u00a0\u00a0\u00a0\u00a0\u00a0\u00a0\u00a0\u00a0\u00a0\u00a0\u00a0\u00a0\u00a0\u00a0\u00a0\u00a0\u00a0\u00a0\u00a0\u00a0\u00a0\u00a0\u00a0<\/figcaption><\/figure>\n\n\n\n<p>Die Mehrheit der Besucher nutzte daher im Anschluss gerne die Gelegenheit, bei einem Umtrunk \u00fcber den Film zu sprechen. <\/p>\n\n\n\n<p>Die Junior-K\u00f6che der FES hatten verschiedene Sorten von Fingerfood gebacken\u00a0und rundeten damit das<\/p>\n\n\n\n<p>Buffet ab.\u00a0\u00a0\u00a0\u00a0\u00a0\u00a0\u00a0\u00a0<\/p>\n\n\n\n<p><strong>Dank an Petra Lueken und Juanjuan St\u00fcbe f\u00fcr 10 Jahre Filmarbeit f\u00fcr Schwalbach<\/strong><\/p>\n\n\n\n<p>Es ist nat\u00fcrlich sehr, sehr schade, dass die Kulturszene in Schwalbach um ein Angebot \u00e4rmer geworden ist.<\/p>\n\n\n\n<p> Petra und Juanjuan haben vor kurzem allen Filmfreunden das Ende der von ihnen inhaltlich gestalteten <\/p>\n\n\n\n<p>Filmreihe mitgeteilt (siehe auch Anlage 2).<\/p>\n\n\n\n<p>Wir danken den beiden f\u00fcr die Sichtung von hunderten von Filmen, um die besten 65 in Schwalbach zur <\/p>\n\n\n\n<p>Auff\u00fchrung zu bringen \u2013 ganz im Sinne der Ziele unseres Vereins hatten diese Filme Schaupl\u00e4tze in mehr <\/p>\n\n\n\n<p>als 45 L\u00e4ndern.<\/p>\n\n\n\n<p>Wir danken gleichfalls dem Kulturkreis (Frau Kracke und Frau Beyer) sowie der Haustechnik f\u00fcr die sehr <\/p>\n\n\n\n<p>aufw\u00e4ndige Verwaltungs- und Werbearbeit sowie technische Unterst\u00fctzung.<\/p>\n\n\n\n<p>Alles Gute,&nbsp;&nbsp; Wilfried H\u00fclsemann<\/p>\n\n\n\n<p>\u00a0\u00a0\u00a0\u00a0\u00a0\u00a0\u00a0\u00a0\u00a0\u00a0\u00a0\u00a0\u00a0\u00a0\u00a0\u00a0\u00a0\u00a0\u00a0\u00a0\u00a0\u00a0\u00a0\u00a0\u00a0\u00a0\u00a0\u00a0\u00a0\u00a0\u00a0\u00a0\u00a0\u00a0\u00a0\u00a0\u00a0\u00a0\u00a0\u00a0\u00a0\u00a0\u00a0\u00a0\u00a0\u00a0\u00a0\u00a0\u00a0\u00a0\u00a0\u00a0<\/p>\n","protected":false},"excerpt":{"rendered":"<p>\u201eDAGS-Berlin-Film\u201c und reger Austausch Mehr als 50 Besucher kamen am 25. September zu dieser Veranstaltung der DAGS. Der einf\u00fchlsame Filmbeitrag von Horst und Petra Rauer zeigte Berlin in so unterschiedlichen und unterhaltsamen Facetten, dass am Schluss begeistert Beifall gespendet wurde. Die Mehrheit der Besucher nutzte daher im Anschluss gerne die Gelegenheit, bei einem Umtrunk \u00fcber [&hellip;]<\/p>\n","protected":false},"author":1,"featured_media":629,"comment_status":"open","ping_status":"open","sticky":false,"template":"","format":"standard","meta":{"footnotes":""},"categories":[13,5],"tags":[],"class_list":["post-628","post","type-post","status-publish","format-standard","has-post-thumbnail","hentry","category-aktuelles","category-veranstaltungen"],"_links":{"self":[{"href":"https:\/\/dags-schwalbach.de\/index.php?rest_route=\/wp\/v2\/posts\/628","targetHints":{"allow":["GET"]}}],"collection":[{"href":"https:\/\/dags-schwalbach.de\/index.php?rest_route=\/wp\/v2\/posts"}],"about":[{"href":"https:\/\/dags-schwalbach.de\/index.php?rest_route=\/wp\/v2\/types\/post"}],"author":[{"embeddable":true,"href":"https:\/\/dags-schwalbach.de\/index.php?rest_route=\/wp\/v2\/users\/1"}],"replies":[{"embeddable":true,"href":"https:\/\/dags-schwalbach.de\/index.php?rest_route=%2Fwp%2Fv2%2Fcomments&post=628"}],"version-history":[{"count":2,"href":"https:\/\/dags-schwalbach.de\/index.php?rest_route=\/wp\/v2\/posts\/628\/revisions"}],"predecessor-version":[{"id":632,"href":"https:\/\/dags-schwalbach.de\/index.php?rest_route=\/wp\/v2\/posts\/628\/revisions\/632"}],"wp:featuredmedia":[{"embeddable":true,"href":"https:\/\/dags-schwalbach.de\/index.php?rest_route=\/wp\/v2\/media\/629"}],"wp:attachment":[{"href":"https:\/\/dags-schwalbach.de\/index.php?rest_route=%2Fwp%2Fv2%2Fmedia&parent=628"}],"wp:term":[{"taxonomy":"category","embeddable":true,"href":"https:\/\/dags-schwalbach.de\/index.php?rest_route=%2Fwp%2Fv2%2Fcategories&post=628"},{"taxonomy":"post_tag","embeddable":true,"href":"https:\/\/dags-schwalbach.de\/index.php?rest_route=%2Fwp%2Fv2%2Ftags&post=628"}],"curies":[{"name":"wp","href":"https:\/\/api.w.org\/{rel}","templated":true}]}}