{"id":634,"date":"2024-10-27T22:57:48","date_gmt":"2024-10-27T22:57:48","guid":{"rendered":"https:\/\/dags-schwalbach.de\/?p=634"},"modified":"2024-11-03T22:58:16","modified_gmt":"2024-11-03T22:58:16","slug":"dags-infobrief-157-anlage-1-vom-27-10-2024","status":"publish","type":"post","link":"https:\/\/dags-schwalbach.de\/?p=634","title":{"rendered":"DAGS-Infobrief 157 \u2013 Anlage 1 vom 27.10. 2024"},"content":{"rendered":"\n<p><strong>DAGS-Infobrief 157 \u2013Anlage 1 vom 27.10. 2024<\/strong><\/p>\n\n\n\n<figure class=\"wp-block-image size-full\"><img loading=\"lazy\" decoding=\"async\" width=\"737\" height=\"324\" src=\"https:\/\/dags-schwalbach.de\/wp-content\/uploads\/2024\/01\/cropped-cropped-DAGS35Jahre-1.jpg\" alt=\"\" class=\"wp-image-610\" srcset=\"https:\/\/dags-schwalbach.de\/wp-content\/uploads\/2024\/01\/cropped-cropped-DAGS35Jahre-1.jpg 737w, https:\/\/dags-schwalbach.de\/wp-content\/uploads\/2024\/01\/cropped-cropped-DAGS35Jahre-1-300x132.jpg 300w\" sizes=\"auto, (max-width: 737px) 100vw, 737px\" \/><\/figure>\n\n\n\n<p><\/p>\n\n\n\n<p><strong>Oktober<\/strong>(letzter Termin)<strong>\/November\/Dezember 2024<\/strong><\/p>\n\n\n\n<p><strong>Di, 29. Okt., 19:30 &nbsp;Raum 7\/8: DAGS-Treff&nbsp;&nbsp; Offenes Treffen f\u00fcr alle \u2013 auch G\u00e4ste willkommen&nbsp;&nbsp;&nbsp;&nbsp; (dieser Treff fand &nbsp;nicht am 15.10. statt!)<\/strong><\/p>\n\n\n\n<p><strong>Di., 05. Nov., 19 Uhr DAGS-Stammtisch \u2013 im \u201ePasta La Vista\u201c im Limeszentrum<\/strong><\/p>\n\n\n\n<p><strong>Do, 7. Nov., 17 Uhr&nbsp;&nbsp; Tanzkurs online&nbsp;&nbsp;&nbsp;&nbsp;&nbsp;&nbsp;<\/strong><\/p>\n\n\n\n<p><strong>Sa, 9. Nov., <\/strong><strong><u>12 Uhr<\/u>&nbsp; am Glaskubus im Limeszentrum: MAHNWACHE zur Erinnerung an die &nbsp;&nbsp;&nbsp;Opfer der Pogrome vom November 1938 und anderer rassistischer Verbrechen.<\/strong><\/p>\n\n\n\n<p><strong>Bitte den vorgezogenen Beginn beachten!<\/strong><\/p>\n\n\n\n<p><strong>Mi, 13. Nov., 09.20 Uhr <\/strong>(Treffpunkt Parkplatz an der FES) <strong>&nbsp;&nbsp;&nbsp;&nbsp;&nbsp;&nbsp;&nbsp;&nbsp;&nbsp; Exkursion zur neuen Jubil\u00e4ums-Fotoausstellung der Deutschen B\u00f6rse in Eschborn <\/strong>(Achtung: begrenzte Teilnehmerzahl. Neue Interessenten nehmen bitte rechtzeitig mit Wolfgang Eckert Kontakt auf.)<\/p>\n\n\n\n<p>anschlie\u00dfend kann \u2013 wer m\u00f6chte \u2013 an&nbsp; einem gemeinsamen Essen teilnehmen im<\/p>\n\n\n\n<p><strong>Restaurant Westerbachhalle, Georg-B\u00fcchner-Str. 30, 65760 Eschborn-Niederh\u00f6chstadt<\/strong><\/p>\n\n\n\n<p>(Organisation Wolfgang Eckert)&nbsp;<\/p>\n\n\n\n<p><strong>Di, 19. Nov., 19:30 Uhr &nbsp;Raum 1: DAGS-Treff&nbsp;&nbsp; Offenes Treffen f\u00fcr alle \u2013 auch G\u00e4ste willkommen&nbsp;<\/strong><\/p>\n\n\n\n<p><strong>Do, 21. Nov., 19 Uhr Tanzkurs, Raum 1<\/strong><\/p>\n\n\n\n<p><strong>Do, 5. Dez., 17 Uhr&nbsp;&nbsp; Tanzkurs online&nbsp;&nbsp;<\/strong><\/p>\n\n\n\n<p><strong>Di, 17. Dez., 19:30 &nbsp;Raum 1: DAGS-Treff&nbsp;&nbsp; Offenes Treffen f\u00fcr alle \u2013 auch G\u00e4ste willkommen<\/strong><\/p>\n\n\n\n<p><strong>Adventstreff mit freien Getr\u00e4nken und Spezialit\u00e4ten-B\u00fcfett, mitgebracht von den Teilnehmenden.<\/strong><\/p>\n","protected":false},"excerpt":{"rendered":"<p>DAGS-Infobrief 157 \u2013Anlage 1 vom 27.10. 2024 Oktober(letzter Termin)\/November\/Dezember 2024 Di, 29. Okt., 19:30 &nbsp;Raum 7\/8: DAGS-Treff&nbsp;&nbsp; Offenes Treffen f\u00fcr alle \u2013 auch G\u00e4ste willkommen&nbsp;&nbsp;&nbsp;&nbsp; (dieser Treff fand &nbsp;nicht am 15.10. statt!) Di., 05. Nov., 19 Uhr DAGS-Stammtisch \u2013 im \u201ePasta La Vista\u201c im Limeszentrum Do, 7. Nov., 17 Uhr&nbsp;&nbsp; Tanzkurs online&nbsp;&nbsp;&nbsp;&nbsp;&nbsp;&nbsp; Sa, 9. Nov., [&hellip;]<\/p>\n","protected":false},"author":1,"featured_media":610,"comment_status":"open","ping_status":"open","sticky":false,"template":"","format":"standard","meta":{"footnotes":""},"categories":[13,18,5],"tags":[14,26],"class_list":["post-634","post","type-post","status-publish","format-standard","has-post-thumbnail","hentry","category-aktuelles","category-termine","category-veranstaltungen","tag-dags","tag-termine"],"_links":{"self":[{"href":"https:\/\/dags-schwalbach.de\/index.php?rest_route=\/wp\/v2\/posts\/634","targetHints":{"allow":["GET"]}}],"collection":[{"href":"https:\/\/dags-schwalbach.de\/index.php?rest_route=\/wp\/v2\/posts"}],"about":[{"href":"https:\/\/dags-schwalbach.de\/index.php?rest_route=\/wp\/v2\/types\/post"}],"author":[{"embeddable":true,"href":"https:\/\/dags-schwalbach.de\/index.php?rest_route=\/wp\/v2\/users\/1"}],"replies":[{"embeddable":true,"href":"https:\/\/dags-schwalbach.de\/index.php?rest_route=%2Fwp%2Fv2%2Fcomments&post=634"}],"version-history":[{"count":2,"href":"https:\/\/dags-schwalbach.de\/index.php?rest_route=\/wp\/v2\/posts\/634\/revisions"}],"predecessor-version":[{"id":636,"href":"https:\/\/dags-schwalbach.de\/index.php?rest_route=\/wp\/v2\/posts\/634\/revisions\/636"}],"wp:featuredmedia":[{"embeddable":true,"href":"https:\/\/dags-schwalbach.de\/index.php?rest_route=\/wp\/v2\/media\/610"}],"wp:attachment":[{"href":"https:\/\/dags-schwalbach.de\/index.php?rest_route=%2Fwp%2Fv2%2Fmedia&parent=634"}],"wp:term":[{"taxonomy":"category","embeddable":true,"href":"https:\/\/dags-schwalbach.de\/index.php?rest_route=%2Fwp%2Fv2%2Fcategories&post=634"},{"taxonomy":"post_tag","embeddable":true,"href":"https:\/\/dags-schwalbach.de\/index.php?rest_route=%2Fwp%2Fv2%2Ftags&post=634"}],"curies":[{"name":"wp","href":"https:\/\/api.w.org\/{rel}","templated":true}]}}