{"id":638,"date":"2024-10-30T23:01:22","date_gmt":"2024-10-30T23:01:22","guid":{"rendered":"https:\/\/dags-schwalbach.de\/?p=638"},"modified":"2024-11-03T23:02:54","modified_gmt":"2024-11-03T23:02:54","slug":"mahnwache-am-samstag-9-november-ab-12-uhr","status":"publish","type":"post","link":"https:\/\/dags-schwalbach.de\/?p=638","title":{"rendered":"Mahnwache am Samstag, 9. November, ab 12 Uhr"},"content":{"rendered":"\n<p><strong><strong>Mahnwache am Samstag, 9. November, ab 12 Uhr<\/strong><\/strong><\/p>\n\n\n\n<figure class=\"wp-block-image size-full is-resized\"><img loading=\"lazy\" decoding=\"async\" width=\"606\" height=\"808\" src=\"https:\/\/dags-schwalbach.de\/wp-content\/uploads\/2024\/11\/mahnwache-cubus.jpg\" alt=\"\" class=\"wp-image-639\" style=\"width:840px;height:auto\" srcset=\"https:\/\/dags-schwalbach.de\/wp-content\/uploads\/2024\/11\/mahnwache-cubus.jpg 606w, https:\/\/dags-schwalbach.de\/wp-content\/uploads\/2024\/11\/mahnwache-cubus-225x300.jpg 225w\" sizes=\"auto, (max-width: 606px) 100vw, 606px\" \/><\/figure>\n\n\n\n<p>In diesem Jahr j\u00e4hrt sich der Beginn der Pogrome gegen j\u00fcdische Deutsche zum 86. Mal.<\/p>\n\n\n\n<p>Es war damals die bis dahin schrecklichste Steigerung der Verbrechen an j\u00fcdischen B\u00fcrgern des Deutschen Reiches, die bereits unmittelbar nach Machtergreifung der NSDAP 1933 begonnen hatten.<\/p>\n\n\n\n<p>Es folgten der 2. Weltkrieg mit Ermordung von Millionen Juden im \u00f6stlichen Europa und die Errichtung von Konzentrationslagern, in denen Millionen weitere, auch Sinti und Roma, durch Vergasung ermordet wurden.<\/p>\n\n\n\n<p>Der Ehrenvorsitzende einer in letzter Zeit erstarkten Partei besch\u00f6nigt diese 12 Jahre als \u201enur ein Vogelschiss in der deutschen Geschichte\u201c.<\/p>\n\n\n\n<p><strong>Wir m\u00fcssen uns unserer Verantwortung stellen!<\/strong><\/p>\n\n\n\n<p><strong>Bitte beteiligen Sie sich an der diesj\u00e4hrigen Mahnwache!<\/strong><\/p>\n\n\n\n<p>Alles Gute,&nbsp;&nbsp; Wilfried H\u00fclsemann<\/p>\n","protected":false},"excerpt":{"rendered":"<p>Mahnwache am Samstag, 9. November, ab 12 Uhr In diesem Jahr j\u00e4hrt sich der Beginn der Pogrome gegen j\u00fcdische Deutsche zum 86. Mal. Es war damals die bis dahin schrecklichste Steigerung der Verbrechen an j\u00fcdischen B\u00fcrgern des Deutschen Reiches, die bereits unmittelbar nach Machtergreifung der NSDAP 1933 begonnen hatten. Es folgten der 2. Weltkrieg mit [&hellip;]<\/p>\n","protected":false},"author":1,"featured_media":639,"comment_status":"open","ping_status":"open","sticky":false,"template":"","format":"standard","meta":{"footnotes":""},"categories":[13,18,5],"tags":[14,30,26],"class_list":["post-638","post","type-post","status-publish","format-standard","has-post-thumbnail","hentry","category-aktuelles","category-termine","category-veranstaltungen","tag-dags","tag-mahnwache","tag-termine"],"_links":{"self":[{"href":"https:\/\/dags-schwalbach.de\/index.php?rest_route=\/wp\/v2\/posts\/638","targetHints":{"allow":["GET"]}}],"collection":[{"href":"https:\/\/dags-schwalbach.de\/index.php?rest_route=\/wp\/v2\/posts"}],"about":[{"href":"https:\/\/dags-schwalbach.de\/index.php?rest_route=\/wp\/v2\/types\/post"}],"author":[{"embeddable":true,"href":"https:\/\/dags-schwalbach.de\/index.php?rest_route=\/wp\/v2\/users\/1"}],"replies":[{"embeddable":true,"href":"https:\/\/dags-schwalbach.de\/index.php?rest_route=%2Fwp%2Fv2%2Fcomments&post=638"}],"version-history":[{"count":1,"href":"https:\/\/dags-schwalbach.de\/index.php?rest_route=\/wp\/v2\/posts\/638\/revisions"}],"predecessor-version":[{"id":640,"href":"https:\/\/dags-schwalbach.de\/index.php?rest_route=\/wp\/v2\/posts\/638\/revisions\/640"}],"wp:featuredmedia":[{"embeddable":true,"href":"https:\/\/dags-schwalbach.de\/index.php?rest_route=\/wp\/v2\/media\/639"}],"wp:attachment":[{"href":"https:\/\/dags-schwalbach.de\/index.php?rest_route=%2Fwp%2Fv2%2Fmedia&parent=638"}],"wp:term":[{"taxonomy":"category","embeddable":true,"href":"https:\/\/dags-schwalbach.de\/index.php?rest_route=%2Fwp%2Fv2%2Fcategories&post=638"},{"taxonomy":"post_tag","embeddable":true,"href":"https:\/\/dags-schwalbach.de\/index.php?rest_route=%2Fwp%2Fv2%2Ftags&post=638"}],"curies":[{"name":"wp","href":"https:\/\/api.w.org\/{rel}","templated":true}]}}