{"id":647,"date":"2024-11-27T23:08:31","date_gmt":"2024-11-27T23:08:31","guid":{"rendered":"https:\/\/dags-schwalbach.de\/?p=647"},"modified":"2024-12-01T23:15:44","modified_gmt":"2024-12-01T23:15:44","slug":"knapp-100-nahmen-an-der-mahnwache-in-schwalbach-teil","status":"publish","type":"post","link":"https:\/\/dags-schwalbach.de\/?p=647","title":{"rendered":"Knapp 100 nahmen an der Mahnwache in Schwalbach teil"},"content":{"rendered":"\n<p><strong><strong>Knapp 100 nahmen an der Mahnwache in Schwalbach teil<\/strong><\/strong><\/p>\n\n\n\n<figure class=\"wp-block-image size-full is-resized\"><img loading=\"lazy\" decoding=\"async\" width=\"666\" height=\"319\" src=\"https:\/\/dags-schwalbach.de\/wp-content\/uploads\/2024\/12\/mahnwache-cubus1.jpg\" alt=\"\" class=\"wp-image-648\" style=\"width:840px;height:auto\" srcset=\"https:\/\/dags-schwalbach.de\/wp-content\/uploads\/2024\/12\/mahnwache-cubus1.jpg 666w, https:\/\/dags-schwalbach.de\/wp-content\/uploads\/2024\/12\/mahnwache-cubus1-300x144.jpg 300w\" sizes=\"auto, (max-width: 666px) 100vw, 666px\" \/><figcaption class=\"wp-element-caption\">Foto: L\u00fcrtzener<\/figcaption><\/figure>\n\n\n\n<p>Am 9. November 1938 begannen die Pogrome, denen in Deutschland Hunderte von Juden zum Opfer fielen, in denen viele Synagogen in Brand gesetzt und gro\u00dfe Gruppen von Juden von ihren deutschen \u201eNachbarn von nebenan\u201c durch D\u00f6rfer und St\u00e4dte getrieben wurden. Am Eigentum der Verfolgten bereicherten sich in den Folgejahren viele Nichtjuden \u2013 wie es der vor kurzem erschienene Film \u201eTreasure\u201c auch sehr eindrucksvoll darstellt. Die historischen Ereignisse d\u00fcrfen auf keinen Fall vergessen werden, denn die Traumata wirken generationen\u00fcbergreifend.<\/p>\n\n\n\n<p>&nbsp;Unter Leitung von Pfarrer und Stadtverordnetenvorsteher Jan Frey trafen sich in diesem Jahr viele Menschen zum stillen Gedenken, Vortragen von kurzen Texten oder spontanen \u00c4u\u00dferungen. Generationen\u00fcbergreifendes Erinnern gibt Orientierung f\u00fcr das Heute und unsere Zukunft.<\/p>\n\n\n\n<p>&nbsp;\u201eWehret den Anf\u00e4ngen\u201c ermutigt, den menschenfeindlichen \u00c4u\u00dferungen, beispielsweise aus AfD-nahen Kreisen, zu begegnen; dabei sollte man auch im \u00e4rgsten politischen Gegner, beim Streiten und Ringen, auch den Menschen sehen \u2013 und Respekt praktizieren, wie uns der Mut von Widerstandsk\u00e4mpfern wie Pfarrer Dietrich Bonhoeffer lehrt.<\/p>\n\n\n\n<p>\u00a0Die DAGS hatte als Veranstalter angesichts des Wochentags den Veranstaltungsbeginn auf 12 Uhr vorverlegt. Die sehr gute Resonanz best\u00e4tigte diesen Schritt. Wir danken allen Teilnahmerinnen und Teilnehmern sowie allen Helferinnen und Helfern. <br><br><em>Wilfried H\u00fclsemann<\/em><\/p>\n\n\n\n<p><\/p>\n\n\n\n<p><\/p>\n","protected":false},"excerpt":{"rendered":"<p>Knapp 100 nahmen an der Mahnwache in Schwalbach teil Am 9. November 1938 begannen die Pogrome, denen in Deutschland Hunderte von Juden zum Opfer fielen, in denen viele Synagogen in Brand gesetzt und gro\u00dfe Gruppen von Juden von ihren deutschen \u201eNachbarn von nebenan\u201c durch D\u00f6rfer und St\u00e4dte getrieben wurden. Am Eigentum der Verfolgten bereicherten sich [&hellip;]<\/p>\n","protected":false},"author":1,"featured_media":648,"comment_status":"open","ping_status":"open","sticky":false,"template":"","format":"standard","meta":{"footnotes":""},"categories":[1,5],"tags":[32],"class_list":["post-647","post","type-post","status-publish","format-standard","has-post-thumbnail","hentry","category-start","category-veranstaltungen","tag-mahnwache-in-schwalbach"],"_links":{"self":[{"href":"https:\/\/dags-schwalbach.de\/index.php?rest_route=\/wp\/v2\/posts\/647","targetHints":{"allow":["GET"]}}],"collection":[{"href":"https:\/\/dags-schwalbach.de\/index.php?rest_route=\/wp\/v2\/posts"}],"about":[{"href":"https:\/\/dags-schwalbach.de\/index.php?rest_route=\/wp\/v2\/types\/post"}],"author":[{"embeddable":true,"href":"https:\/\/dags-schwalbach.de\/index.php?rest_route=\/wp\/v2\/users\/1"}],"replies":[{"embeddable":true,"href":"https:\/\/dags-schwalbach.de\/index.php?rest_route=%2Fwp%2Fv2%2Fcomments&post=647"}],"version-history":[{"count":3,"href":"https:\/\/dags-schwalbach.de\/index.php?rest_route=\/wp\/v2\/posts\/647\/revisions"}],"predecessor-version":[{"id":651,"href":"https:\/\/dags-schwalbach.de\/index.php?rest_route=\/wp\/v2\/posts\/647\/revisions\/651"}],"wp:featuredmedia":[{"embeddable":true,"href":"https:\/\/dags-schwalbach.de\/index.php?rest_route=\/wp\/v2\/media\/648"}],"wp:attachment":[{"href":"https:\/\/dags-schwalbach.de\/index.php?rest_route=%2Fwp%2Fv2%2Fmedia&parent=647"}],"wp:term":[{"taxonomy":"category","embeddable":true,"href":"https:\/\/dags-schwalbach.de\/index.php?rest_route=%2Fwp%2Fv2%2Fcategories&post=647"},{"taxonomy":"post_tag","embeddable":true,"href":"https:\/\/dags-schwalbach.de\/index.php?rest_route=%2Fwp%2Fv2%2Ftags&post=647"}],"curies":[{"name":"wp","href":"https:\/\/api.w.org\/{rel}","templated":true}]}}