{"id":655,"date":"2024-11-26T23:13:13","date_gmt":"2024-11-26T23:13:13","guid":{"rendered":"https:\/\/dags-schwalbach.de\/?p=655"},"modified":"2024-12-01T23:16:53","modified_gmt":"2024-12-01T23:16:53","slug":"dags-infobrief-158-anlage-1-vom-26-11-2024","status":"publish","type":"post","link":"https:\/\/dags-schwalbach.de\/?p=655","title":{"rendered":"DAGS-Infobrief 158 \u2013Anlage 1- vom 26. 11. 2024"},"content":{"rendered":"\n<p><strong>DAGS-Infobrief 158 \u2013Anlage 1- vom 26. 11. 2024<\/strong><\/p>\n\n\n\n<figure class=\"wp-block-image size-full is-resized\"><img loading=\"lazy\" decoding=\"async\" width=\"737\" height=\"324\" src=\"https:\/\/dags-schwalbach.de\/wp-content\/uploads\/2024\/01\/cropped-cropped-DAGS35Jahre-1.jpg\" alt=\"\" class=\"wp-image-610\" style=\"width:840px;height:auto\" srcset=\"https:\/\/dags-schwalbach.de\/wp-content\/uploads\/2024\/01\/cropped-cropped-DAGS35Jahre-1.jpg 737w, https:\/\/dags-schwalbach.de\/wp-content\/uploads\/2024\/01\/cropped-cropped-DAGS35Jahre-1-300x132.jpg 300w\" sizes=\"auto, (max-width: 737px) 100vw, 737px\" \/><\/figure>\n\n\n\n<p><strong>Dezember 2024 \/ Januar 2025<\/strong><\/p>\n\n\n\n<p><strong>Di, 10. Dez., 19 Uhr, R\u00f6merberg 9, Frankfurt (in Pr\u00e4senz sowie alternativ im Livestream)<\/strong><\/p>\n\n\n\n<p><strong>Vortrag&nbsp;&nbsp; Unm\u00f6glicher Frieden? Geschichte der Friedensinitiativen im Nahhostkonflikt<\/strong><\/p>\n\n\n\n<p><strong>Veranstalter: <\/strong>Hess. Landeszentrale f\u00fcr politische Bildung \/ Polytechnische Gesellschaft<\/p>\n\n\n\n<p>Siehe auch ausf\u00fchrliches Infoblatt im Anhang (Anlage 158-3)<\/p>\n\n\n\n<p><strong>Di, 17. Dez., 18:30 (!!!) &nbsp;Raum 1: DAGS-Treff&nbsp;&nbsp; Offenes Treffen f\u00fcr alle \u2013 auch G\u00e4ste willkommen<\/strong><\/p>\n\n\n\n<p><strong>Adventstreff mit von den Teilnehmenden mitgebrachter \u201eFingerfood\u201c \u2013 herzhaft oder s\u00fc\u00df.<\/strong><\/p>\n\n\n\n<p><strong>Der DAGS-Vorstand sorgt f\u00fcr Getr\u00e4nke.<\/strong><\/p>\n\n\n\n<p><strong>Kleine Beitr\u00e4ge (Gedichte, Texte usw.) sind sehr willkommen.<\/strong><\/p>\n\n\n\n<p><strong>Der Raum wird um 18 Uhr f\u00fcr die Dekoration der Tische ge\u00f6ffnet.<\/strong><\/p>\n\n\n\n<p><strong>Ab ca. 20 Uhr werden einige Musikliebhaber zum Konzert in den Gro\u00dfen Saal wechseln \u2013 in Raum 1 kann dann in kleineren Gruppen so lange \u201eweitergemacht\u201c werden, wie es angenehm ist und uns gen\u00fcgend Zeit zum Aufr\u00e4umen bleibt.<\/strong><\/p>\n\n\n\n<p><strong>31. 12. 2024 \u2013 leider keine Vereins-Silvesterfeier. Da der Vorstand bereits vor Monaten eine Reservierung von Raum 9\/10 f\u00fcr Silvester 2025 (!) beantragt hat, gehen wir davon aus, dass wir nach einem Jahr Unterbrechung dann wieder Silvester im B\u00fcrgerhaus (Raum 9 \/ 10) feiern k\u00f6nnen.<\/strong><\/p>\n\n\n\n<p><strong>Frohe Festtage f\u00fcr alle Religionen<\/strong><\/p>\n\n\n\n<p><strong>und einen guten Rutsch ins neue Jahr!<\/strong><\/p>\n\n\n\n<p><strong>Di, 14. Jan., 19.30 Uhr, Raum 1&nbsp;&nbsp; DAGS-Treff<\/strong><\/p>\n\n\n\n<p><strong>Do, 16. Jan., 18.00 Uhr, Raum 1&nbsp; Tanzkurs<\/strong><\/p>\n\n\n\n<figure class=\"wp-block-image size-full is-resized\"><img loading=\"lazy\" decoding=\"async\" width=\"640\" height=\"640\" src=\"https:\/\/dags-schwalbach.de\/wp-content\/uploads\/2024\/11\/frohes-neues-jahr.jpg\" alt=\"\" class=\"wp-image-657\" style=\"width:840px;height:auto\" srcset=\"https:\/\/dags-schwalbach.de\/wp-content\/uploads\/2024\/11\/frohes-neues-jahr.jpg 640w, https:\/\/dags-schwalbach.de\/wp-content\/uploads\/2024\/11\/frohes-neues-jahr-300x300.jpg 300w, https:\/\/dags-schwalbach.de\/wp-content\/uploads\/2024\/11\/frohes-neues-jahr-150x150.jpg 150w\" sizes=\"auto, (max-width: 640px) 100vw, 640px\" \/><\/figure>\n","protected":false},"excerpt":{"rendered":"<p>DAGS-Infobrief 158 \u2013Anlage 1- vom 26. 11. 2024 Dezember 2024 \/ Januar 2025 Di, 10. Dez., 19 Uhr, R\u00f6merberg 9, Frankfurt (in Pr\u00e4senz sowie alternativ im Livestream) Vortrag&nbsp;&nbsp; Unm\u00f6glicher Frieden? Geschichte der Friedensinitiativen im Nahhostkonflikt Veranstalter: Hess. Landeszentrale f\u00fcr politische Bildung \/ Polytechnische Gesellschaft Siehe auch ausf\u00fchrliches Infoblatt im Anhang (Anlage 158-3) Di, 17. Dez., [&hellip;]<\/p>\n","protected":false},"author":1,"featured_media":610,"comment_status":"open","ping_status":"open","sticky":false,"template":"","format":"standard","meta":{"footnotes":""},"categories":[18,5],"tags":[],"class_list":["post-655","post","type-post","status-publish","format-standard","has-post-thumbnail","hentry","category-termine","category-veranstaltungen"],"_links":{"self":[{"href":"https:\/\/dags-schwalbach.de\/index.php?rest_route=\/wp\/v2\/posts\/655","targetHints":{"allow":["GET"]}}],"collection":[{"href":"https:\/\/dags-schwalbach.de\/index.php?rest_route=\/wp\/v2\/posts"}],"about":[{"href":"https:\/\/dags-schwalbach.de\/index.php?rest_route=\/wp\/v2\/types\/post"}],"author":[{"embeddable":true,"href":"https:\/\/dags-schwalbach.de\/index.php?rest_route=\/wp\/v2\/users\/1"}],"replies":[{"embeddable":true,"href":"https:\/\/dags-schwalbach.de\/index.php?rest_route=%2Fwp%2Fv2%2Fcomments&post=655"}],"version-history":[{"count":2,"href":"https:\/\/dags-schwalbach.de\/index.php?rest_route=\/wp\/v2\/posts\/655\/revisions"}],"predecessor-version":[{"id":658,"href":"https:\/\/dags-schwalbach.de\/index.php?rest_route=\/wp\/v2\/posts\/655\/revisions\/658"}],"wp:featuredmedia":[{"embeddable":true,"href":"https:\/\/dags-schwalbach.de\/index.php?rest_route=\/wp\/v2\/media\/610"}],"wp:attachment":[{"href":"https:\/\/dags-schwalbach.de\/index.php?rest_route=%2Fwp%2Fv2%2Fmedia&parent=655"}],"wp:term":[{"taxonomy":"category","embeddable":true,"href":"https:\/\/dags-schwalbach.de\/index.php?rest_route=%2Fwp%2Fv2%2Fcategories&post=655"},{"taxonomy":"post_tag","embeddable":true,"href":"https:\/\/dags-schwalbach.de\/index.php?rest_route=%2Fwp%2Fv2%2Ftags&post=655"}],"curies":[{"name":"wp","href":"https:\/\/api.w.org\/{rel}","templated":true}]}}