{"id":659,"date":"2024-11-29T23:19:25","date_gmt":"2024-11-29T23:19:25","guid":{"rendered":"https:\/\/dags-schwalbach.de\/?p=659"},"modified":"2024-12-01T23:20:50","modified_gmt":"2024-12-01T23:20:50","slug":"fotoausstellung-der-deutschen-boerse","status":"publish","type":"post","link":"https:\/\/dags-schwalbach.de\/?p=659","title":{"rendered":"Fotoausstellung der Deutschen B\u00f6rse"},"content":{"rendered":"\n<p><strong><strong>Fotoausstellung der Deutschen B\u00f6rse<\/strong><\/strong><\/p>\n\n\n\n<figure class=\"wp-block-image size-full is-resized\"><img loading=\"lazy\" decoding=\"async\" width=\"605\" height=\"453\" src=\"https:\/\/dags-schwalbach.de\/wp-content\/uploads\/2024\/12\/deutsch-boerse.png\" alt=\"\" class=\"wp-image-660\" style=\"width:840px;height:auto\" srcset=\"https:\/\/dags-schwalbach.de\/wp-content\/uploads\/2024\/12\/deutsch-boerse.png 605w, https:\/\/dags-schwalbach.de\/wp-content\/uploads\/2024\/12\/deutsch-boerse-300x225.png 300w\" sizes=\"auto, (max-width: 605px) 100vw, 605px\" \/><figcaption class=\"wp-element-caption\"><em>Foto: Wilfried H\u00fclsemann<\/em><\/figcaption><\/figure>\n\n\n\n<p>23 Mitglieder der Deutsch-Ausl\u00e4ndischen Gemeinschaft nahmen an der F\u00fchrung durch die Fotoausstellung der Deutschen B\u00f6rse in Eschborn am 13. November 2024 teil, die Waltraud Simon-Eckert und Wolfgang Eckert organisiert hatten. <\/p>\n\n\n\n<p>Die Ausstellung umfasst eine Auswahl der \u00fcber 2000 fotografischen Arbeiten von rund 130 K\u00fcnstlern der Art Collection Deutsche B\u00f6rse, die seit 1999 gesammelt wurden. <\/p>\n\n\n\n<p>Die Vielgestaltigkeit und der Ideenreichtum der k\u00fcnstlerischen Arbeiten machten einen gro\u00dfen Eindruck auf die Besuchergruppe.<\/p>\n\n\n\n<p>Eine \u00dcberraschung f\u00fcr die Besucher war jedoch auch die Architektur und Gro\u00dfartigkeit des sonst nicht \u00f6ffentlich zug\u00e4nglichen B\u00fcrogeb\u00e4udes der neuen Deutschen B\u00f6rse, in dem die Fotoausstellung \u00fcber zwei Stockwerke pr\u00e4sentiert wird.<\/p>\n\n\n\n<p>&nbsp;Alles in allem ein gelungener Besuch, der durch ein anschlie\u00dfendes gemeinsames Mittagessen abgerundet wurde. <em>we<\/em><\/p>\n\n\n\n<p><\/p>\n","protected":false},"excerpt":{"rendered":"<p>Fotoausstellung der Deutschen B\u00f6rse 23 Mitglieder der Deutsch-Ausl\u00e4ndischen Gemeinschaft nahmen an der F\u00fchrung durch die Fotoausstellung der Deutschen B\u00f6rse in Eschborn am 13. November 2024 teil, die Waltraud Simon-Eckert und Wolfgang Eckert organisiert hatten. Die Ausstellung umfasst eine Auswahl der \u00fcber 2000 fotografischen Arbeiten von rund 130 K\u00fcnstlern der Art Collection Deutsche B\u00f6rse, die seit [&hellip;]<\/p>\n","protected":false},"author":1,"featured_media":660,"comment_status":"open","ping_status":"open","sticky":false,"template":"","format":"standard","meta":{"footnotes":""},"categories":[1,5],"tags":[33,34],"class_list":["post-659","post","type-post","status-publish","format-standard","has-post-thumbnail","hentry","category-start","category-veranstaltungen","tag-deutsche-boerse","tag-fotoausstellung"],"_links":{"self":[{"href":"https:\/\/dags-schwalbach.de\/index.php?rest_route=\/wp\/v2\/posts\/659","targetHints":{"allow":["GET"]}}],"collection":[{"href":"https:\/\/dags-schwalbach.de\/index.php?rest_route=\/wp\/v2\/posts"}],"about":[{"href":"https:\/\/dags-schwalbach.de\/index.php?rest_route=\/wp\/v2\/types\/post"}],"author":[{"embeddable":true,"href":"https:\/\/dags-schwalbach.de\/index.php?rest_route=\/wp\/v2\/users\/1"}],"replies":[{"embeddable":true,"href":"https:\/\/dags-schwalbach.de\/index.php?rest_route=%2Fwp%2Fv2%2Fcomments&post=659"}],"version-history":[{"count":1,"href":"https:\/\/dags-schwalbach.de\/index.php?rest_route=\/wp\/v2\/posts\/659\/revisions"}],"predecessor-version":[{"id":661,"href":"https:\/\/dags-schwalbach.de\/index.php?rest_route=\/wp\/v2\/posts\/659\/revisions\/661"}],"wp:featuredmedia":[{"embeddable":true,"href":"https:\/\/dags-schwalbach.de\/index.php?rest_route=\/wp\/v2\/media\/660"}],"wp:attachment":[{"href":"https:\/\/dags-schwalbach.de\/index.php?rest_route=%2Fwp%2Fv2%2Fmedia&parent=659"}],"wp:term":[{"taxonomy":"category","embeddable":true,"href":"https:\/\/dags-schwalbach.de\/index.php?rest_route=%2Fwp%2Fv2%2Fcategories&post=659"},{"taxonomy":"post_tag","embeddable":true,"href":"https:\/\/dags-schwalbach.de\/index.php?rest_route=%2Fwp%2Fv2%2Ftags&post=659"}],"curies":[{"name":"wp","href":"https:\/\/api.w.org\/{rel}","templated":true}]}}