{"id":681,"date":"2025-01-30T22:44:56","date_gmt":"2025-01-30T22:44:56","guid":{"rendered":"https:\/\/dags-schwalbach.de\/?p=681"},"modified":"2025-02-05T22:47:47","modified_gmt":"2025-02-05T22:47:47","slug":"dags-infobrief-161-vom-30-1-2025","status":"publish","type":"post","link":"https:\/\/dags-schwalbach.de\/?p=681","title":{"rendered":"DAGS-Infobrief 161 vom 30.1.2025"},"content":{"rendered":"\n<figure class=\"wp-block-image size-full is-resized\"><img loading=\"lazy\" decoding=\"async\" width=\"737\" height=\"324\" src=\"https:\/\/dags-schwalbach.de\/wp-content\/uploads\/2024\/01\/cropped-cropped-DAGS35Jahre-1.jpg\" alt=\"\" class=\"wp-image-610\" style=\"width:840px;height:auto\" srcset=\"https:\/\/dags-schwalbach.de\/wp-content\/uploads\/2024\/01\/cropped-cropped-DAGS35Jahre-1.jpg 737w, https:\/\/dags-schwalbach.de\/wp-content\/uploads\/2024\/01\/cropped-cropped-DAGS35Jahre-1-300x132.jpg 300w\" sizes=\"auto, (max-width: 737px) 100vw, 737px\" \/><\/figure>\n\n\n\n<p class=\"has-medium-font-size\"><strong>Termine: Februar \/ M\u00e4rz\u00a0 2025<\/strong><\/p>\n\n\n\n<p><strong>Sa, 1. Feb. 19 Uhr <\/strong>Im Rahmen des Gedenkwochenendes findet in der Stadthalle Kelkheim ein&nbsp;Konzert des Diplomatischen Streichquartetts statt. Eintritt: 10,00 Euro, Anmeldung unter: <a href=\"mailto:kultur@kelkheim.de\">kultur@kelkheim.de<\/a><\/p>\n\n\n\n<p>Veranstalter: CJZ-Main-Taunus<\/p>\n\n\n\n<p><strong>So, 2. Feb. 12 Uhr<\/strong> Gartensaal des <strong>Rathauses Kelkheim<\/strong><\/p>\n\n\n\n<p>Rodika Rosenbaum und Christina Pfeffer-Eretier lesen aus dem <strong>Buch &#8220;Nur niemals aufgeben&#8221;<\/strong>,<\/p>\n\n\n\n<p>in dem die Geschichte der j\u00fcdischen Familie der Autorin \u00fcber mehrere Generationen erz\u00e4hlt wird.<\/p>\n\n\n\n<p>Musikalisch erg\u00e4nzt wird die Lesung durch das Duo Irith Gabriely und Peter Przystaniak.&nbsp;<br>Eintritt 5 Euro, Anmeldung unter <a href=\"mailto:kultur@kelkheim.de\">kultur@kelkheim.de<\/a>&nbsp;&nbsp;&nbsp;&nbsp;&nbsp;&nbsp;&nbsp;&nbsp;&nbsp;&nbsp;&nbsp;&nbsp;&nbsp;&nbsp;&nbsp;&nbsp;&nbsp;&nbsp; Veranstalter: CJZ-Main-Taunus<\/p>\n\n\n\n<p><strong>Do, 6. Feb. 18 Uhr, Raum 7 und 8, &nbsp;&nbsp;<a href=\"https:\/\/www.schwalbach.de\/Freizeit-und-Kultur\/Veranstaltungen-4\/Veranstaltungskalender.htm\/Veranstaltungen\/Filmvorfuehrung-Die-Rollbahn.html?\">Film: Die Rollbahn<\/a> &nbsp;&nbsp;&nbsp;&nbsp;&nbsp;&nbsp;&nbsp;&nbsp;&nbsp;&nbsp;&nbsp;&nbsp;&nbsp;&nbsp;&nbsp;&nbsp;&nbsp; <\/strong>Veranstalter: CJZ-Main-Taunus<\/p>\n\n\n\n<p>Der Dokumentarfilm von Malte Rauch, Bernhard T\u00fcrcke und Eva Voosen handelt vom Bau der ersten betonierten Startbahn am heutigen Flughafen Rhein-Main durch j\u00fcdische Zwangsarbeiterinnen der ehemaligen KZ-Au\u00dfenstelle Walldorf.<strong> &nbsp;Eintritt 5,&#8211; \u20ac<\/strong><\/p>\n\n\n\n<p><strong>Di, 18. Feb., 19.30 Uhr, Raum 7 und 8&nbsp;&nbsp;&nbsp;&nbsp;&nbsp; DAGS-Treff<\/strong><\/p>\n\n\n\n<p><strong>Mi, 19. Feb., 5. Jahrestag des Mordanschlags in Hanau. <\/strong>Gedenkveranstaltungen mehrerer Veranstalter<\/p>\n\n\n\n<p><strong>Do, 20. Feb., 18.00 Uhr, Raum 9 und 10&nbsp;&nbsp; Tanzkurs<\/strong><\/p>\n\n\n\n<p><strong>So, 23. Feb., 8 bis 18 Uhr Bundestagswahl.<\/strong><\/p>\n\n\n\n<p><strong>In Schwalbach sind Infost\u00e4nde f\u00fcr Demokratie und gegen Rassismus von verschiedenen Veranstaltern auf dem Marktplatz geplant am <u>31. Januar, 7. und&nbsp; 14. Februar<\/u> jeweils 11 \u2013 14 Uhr <\/strong>(MTK gegen rechts und andere)<\/p>\n\n\n\n<p><strong>Geplant f\u00fcr Fr, 7. M\u00e4rz, ca. 17.30 \u2013 ca. 20 Uhr im B\u00fcrgerhaus: Veranstaltung zum Ramadan.<\/strong><\/p>\n\n\n\n<p>Aus der der Schwalbacher Zivilgesellschaft entstand die Idee einer f\u00fcr alle interessierten Schwalbacher offenen Veranstaltung mit \u201eFastenbrechen\u201c. Zu den Veranstaltern geh\u00f6ren der Marokkanische Kulturverein, der T\u00fcrkische Kulturverein und die Stadtverwaltung. Die DAGS begr\u00fc\u00dft diese Initiative und unterst\u00fctzt sie. Weitere Planungsdetails werden noch mitgeteilt \u2013 Sonnenuntergang an diesem Tag ist 18:18 Uhr.<\/p>\n\n\n\n<p><strong>Di, 18. M\u00e4rz., 19.00 Uhr, Raum 1&nbsp; DAGS-Jahreshauptversammlung. Alle Mitglieder werden gebeten, bereits gegen 18:45 einzutreffen, damit die vorgeschriebenen Formalit\u00e4ten rasch erledigt sind und die Sitzung um 19 Uhr er\u00f6ffnet werden kann.<\/strong><\/p>\n\n\n\n<p><strong>Do, 20. M\u00e4rz., 18.00 Uhr, Raum 1&nbsp; Tanzkurs<\/strong><\/p>\n\n\n\n<p><\/p>\n","protected":false},"excerpt":{"rendered":"<p>Termine: Februar \/ M\u00e4rz\u00a0 2025 Sa, 1. Feb. 19 Uhr Im Rahmen des Gedenkwochenendes findet in der Stadthalle Kelkheim ein&nbsp;Konzert des Diplomatischen Streichquartetts statt. Eintritt: 10,00 Euro, Anmeldung unter: kultur@kelkheim.de Veranstalter: CJZ-Main-Taunus So, 2. Feb. 12 Uhr Gartensaal des Rathauses Kelkheim Rodika Rosenbaum und Christina Pfeffer-Eretier lesen aus dem Buch &#8220;Nur niemals aufgeben&#8221;, in dem [&hellip;]<\/p>\n","protected":false},"author":1,"featured_media":610,"comment_status":"open","ping_status":"open","sticky":false,"template":"","format":"standard","meta":{"footnotes":""},"categories":[13,18,5],"tags":[],"class_list":["post-681","post","type-post","status-publish","format-standard","has-post-thumbnail","hentry","category-aktuelles","category-termine","category-veranstaltungen"],"_links":{"self":[{"href":"https:\/\/dags-schwalbach.de\/index.php?rest_route=\/wp\/v2\/posts\/681","targetHints":{"allow":["GET"]}}],"collection":[{"href":"https:\/\/dags-schwalbach.de\/index.php?rest_route=\/wp\/v2\/posts"}],"about":[{"href":"https:\/\/dags-schwalbach.de\/index.php?rest_route=\/wp\/v2\/types\/post"}],"author":[{"embeddable":true,"href":"https:\/\/dags-schwalbach.de\/index.php?rest_route=\/wp\/v2\/users\/1"}],"replies":[{"embeddable":true,"href":"https:\/\/dags-schwalbach.de\/index.php?rest_route=%2Fwp%2Fv2%2Fcomments&post=681"}],"version-history":[{"count":1,"href":"https:\/\/dags-schwalbach.de\/index.php?rest_route=\/wp\/v2\/posts\/681\/revisions"}],"predecessor-version":[{"id":682,"href":"https:\/\/dags-schwalbach.de\/index.php?rest_route=\/wp\/v2\/posts\/681\/revisions\/682"}],"wp:featuredmedia":[{"embeddable":true,"href":"https:\/\/dags-schwalbach.de\/index.php?rest_route=\/wp\/v2\/media\/610"}],"wp:attachment":[{"href":"https:\/\/dags-schwalbach.de\/index.php?rest_route=%2Fwp%2Fv2%2Fmedia&parent=681"}],"wp:term":[{"taxonomy":"category","embeddable":true,"href":"https:\/\/dags-schwalbach.de\/index.php?rest_route=%2Fwp%2Fv2%2Fcategories&post=681"},{"taxonomy":"post_tag","embeddable":true,"href":"https:\/\/dags-schwalbach.de\/index.php?rest_route=%2Fwp%2Fv2%2Ftags&post=681"}],"curies":[{"name":"wp","href":"https:\/\/api.w.org\/{rel}","templated":true}]}}