{"id":683,"date":"2025-01-31T22:55:02","date_gmt":"2025-01-31T22:55:02","guid":{"rendered":"https:\/\/dags-schwalbach.de\/?p=683"},"modified":"2025-02-05T23:13:57","modified_gmt":"2025-02-05T23:13:57","slug":"mut-fuer-die-zukunft","status":"publish","type":"post","link":"https:\/\/dags-schwalbach.de\/?p=683","title":{"rendered":"Mut f\u00fcr die Zukunft"},"content":{"rendered":"\n<p><strong>Mut f\u00fcr die Zukunft<\/strong><br><strong>\u00a0<\/strong><\/p>\n\n\n\n<figure class=\"wp-block-image size-full is-resized\"><img loading=\"lazy\" decoding=\"async\" width=\"640\" height=\"285\" src=\"https:\/\/dags-schwalbach.de\/wp-content\/uploads\/2025\/02\/integration-1777539_640.jpg\" alt=\"\" class=\"wp-image-685\" style=\"width:840px;height:auto\" srcset=\"https:\/\/dags-schwalbach.de\/wp-content\/uploads\/2025\/02\/integration-1777539_640.jpg 640w, https:\/\/dags-schwalbach.de\/wp-content\/uploads\/2025\/02\/integration-1777539_640-300x134.jpg 300w\" sizes=\"auto, (max-width: 640px) 100vw, 640px\" \/><\/figure>\n\n\n\n<p class=\"has-text-align-center has-medium-font-size\"><strong><em>For there is always light, <\/em><\/strong><br><strong><em>If only we\u2019re brave enough to see it, <\/em><\/strong><br><strong><em>If only we\u2019re brave enough to be it.<\/em><\/strong><br><strong>&#8212;<\/strong><br><strong><em>Denn es gibt immer Licht, <br>wenn wir nur mutig genug sind, <br>es zu sehen, <br>wenn wir nur mutig genug sind, <br>es zu sein.<\/em><\/strong><\/p>\n\n\n\n<p class=\"has-text-align-center has-small-font-size\"><br>Amanda Gorman, <em>The Hill We Climb<\/em>, Washington, 20. Januar 2021 (die letzten Zeilen ihres Gedichts)<\/p>\n\n\n\n<p class=\"has-text-align-center has-small-font-size\"><\/p>\n\n\n\n<p><strong>\u201eEinwanderungsgeschichte\u201c<\/strong><\/p>\n\n\n\n<p>Das neue Konzept zur Unterscheidung der Bev\u00f6lkerung in Deutschland<\/p>\n\n\n\n<p>Neben der Unterscheidung der Bev\u00f6lkerung nach \u201eMigrationshintergrund\u201c gibt es seit Fr\u00fchjahr 2023 die neue statistische Kategorie \u201eEinwanderungsgeschichte\u201c. \u00a0\u2013 Ein \u00dcberblick.<br>\u00a0<\/p>\n\n\n\n<ul class=\"wp-block-list\">\n<li><strong>\u00a0Warum soll der \u201eMigrationshintergrund\u201c abgel\u00f6st werden?<\/strong><br><\/li>\n\n\n\n<li><a href=\"https:\/\/www.bpb.de\/themen\/migration-integration\/regionalprofile\/deutschland\/558144\/einwanderungsgeschichte\/#node-content-title-1\"><strong>\u00a0<\/strong><\/a><strong>Welche Personen werden k\u00fcnftig statistisch als \u201eBev\u00f6lkerung mit Einwanderungsgeschichte&#8221; erfasst?<\/strong><br><\/li>\n\n\n\n<li><a href=\"https:\/\/www.bpb.de\/themen\/migration-integration\/regionalprofile\/deutschland\/558144\/einwanderungsgeschichte\/#node-content-title-2\"><strong>\u00a0<\/strong><\/a><strong>Wie unterscheidet sich die Definition der \u201eBev\u00f6lkerung mit Einwanderungsgeschichte\u201c von der des \u201eMigrationshintergrunds\u201c?<\/strong><br><\/li>\n\n\n\n<li>W<strong>elche St\u00e4rken und Schw\u00e4chen hat das neue Konzept?<\/strong><\/li>\n<\/ul>\n\n\n\n<p><\/p>\n\n\n\n<p>Seit M\u00e4rz 2023 werden vom Statistischen Bundesamt Daten zur Bev\u00f6lkerung nach Einwanderungsgeschichte ver\u00f6ffentlicht. Diese Unterscheidung wird parallel zum bislang genutzten\u00a0 verwendet. Mit dem Konzept der Einwanderungsgeschichte setzt das Statistische Bundesamt die Empfehlung einer Fachkommission um.<\/p>\n\n\n\n<p><strong><strong>Warum soll der \u201eMigrationshintergrund\u201c abgel\u00f6st werden?<\/strong><\/strong><\/p>\n\n\n\n<p>Eine von der Bundesregierung eingesetzte Fachkommission, die sich mit den Rahmenbedingungen des Einwanderungslandes Deutschland befasste, forderte im November 2020, im Rahmen amtlicher Statistiken den Begriff Migrationshintergrund nicht mehr zu verwenden und die \u201eMigrationsbev\u00f6lkerung\u201c klarer und zugleich enger als bisher zu definieren:<\/p>\n\n\n\n<p><em>\u201eK\u00fcnftig sollen im Rahmen des Mikrozensus nur Personen erfasst werden, die entweder selbst oder deren Elternteile beide seit dem Jahr 1950 in das heutige Bundesgebiet eingewandert sind. [\u2026] Anders als bisher soll jedoch der zusammenfassende Begriff \u201aMigrationshintergrund\u2018 nicht mehr verwendet werden, um Stigmatisierung zu vermeiden. Sofern beide Gruppen gemeint sind, wird als zusammenfassende Bezeichnung stattdessen \u201aEingewanderte und ihre (direkten) Nachkommen\u2018 vorgeschlagen.\u201c<\/em><\/p>\n\n\n\n<p>Dieser Empfehlung kam das Statistische Bundesamt nach.\u00a0Allerdings nur zum Teil: So wurde die Ver\u00f6ffentlichung von Zahlen zum Migrationshintergrund nicht g\u00e4nzlich eingestellt. Zudem wird zwar Einwanderung ab 1950 ber\u00fccksichtigt und auch, dass beide Elternteile ab 1950 eingewandert sein m\u00fcssen. Aber als neue Bezeichnung verwendet das Statistische Bundesamt f\u00fcr die zusammenfassende Kategorie nicht \u201eEingewanderte und ihre direkten Nachkommen\u201c, sondern den Begriff \u201eBev\u00f6lkerung mit Einwanderungsgeschichte\u201c. Damit hat es eine Bezeichnung gew\u00e4hlt, die analog zum Migrationshintergrund eine Einteilung der Bev\u00f6lkerung in mit und ohne Einwanderungsgeschichte erm\u00f6glicht. Die Fachkommission hatte keine Empfehlung gegeben, wie der nicht zur \u201eMigrationsbev\u00f6lkerung\u201c gez\u00e4hlte Bev\u00f6lkerungsteil benannt werden soll. Das Statistische Bundesamt entschied sich f\u00fcr \u201eohne Einwanderungsgeschichte\u201c.<\/p>\n\n\n\n<p><strong><strong>Welche Personen werden k\u00fcnftig statistisch als \u201eBev\u00f6lkerung mit Einwanderungsgeschichte&#8221; erfasst?<\/strong><\/strong><\/p>\n\n\n\n<p>In der Unterscheidung nach Einwanderungsgeschichte werden Einwanderungen ab 1950 ber\u00fccksichtigt. So hei\u00dft es in der ersten Pressemitteilung zum neuen Konzept: \u201eEine Einwanderungsgeschichte haben nach dieser Definition [der Fachkommission] Personen, die entweder selbst oder deren beide Elternteile seit dem Jahr 1950 auf das heutige Staatsgebiet Deutschlands eingewandert sind.\u201c&nbsp;Daneben finden sich im zeitgleich erschienenen Hintergrundpapier, in einer weiteren Pressemitteilung vom April 2023&nbsp;und im&nbsp;weitere \u2013 leicht abweichende \u2013 Definitionen.<\/p>\n\n\n\n<p>Als \u201eEingewanderte\u201c gelten demnach Personen, die seit 1950 nach Deutschland eingewandert sind. Als \u201eNachkommen\u201c werden statistisch Personen erfasst, die selbst in Deutschland geboren sind, aber zwei seit 1950 nach Deutschland eingewanderte Elternteile haben. Wenn nur ein Elternteil seit 1950 eingewandert ist, werden Befragte der neuen Kategorie \u201ePersonen mit einseitiger Einwanderungsgeschichte\u201c zugeordnet. Diese Kategorie wurde von der Fachkommission nicht vorgesehen. Die ca. f\u00fcnf Millionen Personen mit einem ab 1950 eingewanderten Elternteil sollten nicht zur \u201eMigrationsbev\u00f6lkerung\u201c gez\u00e4hlt werden.&nbsp;Entgegen dieser Empfehlung werden sie nun separat ausgewiesen und somit zwar nicht zur \u201eBev\u00f6lkerung mit Einwanderungsgeschichte\u201c gerechnet, aber auch nicht zur \u201eBev\u00f6lkerung ohne Einwanderungsgeschichte\u201c (siehe Abbildung 1).<\/p>\n\n\n\n<p><strong><strong>Wie unterscheidet sich die Definition der \u201eBev\u00f6lkerung mit Einwanderungsgeschichte\u201c von der des \u201eMigrationshintergrunds\u201c?<\/strong><\/strong><\/p>\n\n\n\n<p>Der \u201aMigrationshintergrund\u2018 kn\u00fcpft an die Staatsangeh\u00f6rigkeit durch Geburt an: Personen, die entweder selbst die deutsche Staatsangeh\u00f6rigkeit nicht durch Geburt besitzen oder mindestens ein Elternteil haben, auf das dies zutrifft, haben in der Statistik einen Migrationshintergrund. Erfasst werden so auch Personen, deren Eltern(teile) bereits in Deutschland geboren wurden und nicht eingewandert sind, die aber eben nicht durch Geburt Deutsche waren.<\/p>\n\n\n\n<p><\/p>\n\n\n\n<p>Dieser Text ist unter der Creative Commons Lizenz\u00a0<a href=\"https:\/\/creativecommons.org\/licenses\/by-nc-nd\/4.0\/deed.de\">&#8220;CC BY-NC-ND 4.0 &#8211; Namensnennung &#8211; Nicht kommerziell &#8211; Keine Bearbeitungen 4.0 International&#8221;<\/a>\u00a0ver\u00f6ffentlicht. Autor\/-in: Anne-Kathrin Will f\u00fcr bpb.de<\/p>\n","protected":false},"excerpt":{"rendered":"<p>Mut f\u00fcr die Zukunft\u00a0 For there is always light, If only we\u2019re brave enough to see it, If only we\u2019re brave enough to be it.&#8212;Denn es gibt immer Licht, wenn wir nur mutig genug sind, es zu sehen, wenn wir nur mutig genug sind, es zu sein. Amanda Gorman, The Hill We Climb, Washington, 20. [&hellip;]<\/p>\n","protected":false},"author":1,"featured_media":685,"comment_status":"open","ping_status":"open","sticky":false,"template":"","format":"standard","meta":{"footnotes":""},"categories":[13,1],"tags":[],"class_list":["post-683","post","type-post","status-publish","format-standard","has-post-thumbnail","hentry","category-aktuelles","category-start"],"_links":{"self":[{"href":"https:\/\/dags-schwalbach.de\/index.php?rest_route=\/wp\/v2\/posts\/683","targetHints":{"allow":["GET"]}}],"collection":[{"href":"https:\/\/dags-schwalbach.de\/index.php?rest_route=\/wp\/v2\/posts"}],"about":[{"href":"https:\/\/dags-schwalbach.de\/index.php?rest_route=\/wp\/v2\/types\/post"}],"author":[{"embeddable":true,"href":"https:\/\/dags-schwalbach.de\/index.php?rest_route=\/wp\/v2\/users\/1"}],"replies":[{"embeddable":true,"href":"https:\/\/dags-schwalbach.de\/index.php?rest_route=%2Fwp%2Fv2%2Fcomments&post=683"}],"version-history":[{"count":2,"href":"https:\/\/dags-schwalbach.de\/index.php?rest_route=\/wp\/v2\/posts\/683\/revisions"}],"predecessor-version":[{"id":686,"href":"https:\/\/dags-schwalbach.de\/index.php?rest_route=\/wp\/v2\/posts\/683\/revisions\/686"}],"wp:featuredmedia":[{"embeddable":true,"href":"https:\/\/dags-schwalbach.de\/index.php?rest_route=\/wp\/v2\/media\/685"}],"wp:attachment":[{"href":"https:\/\/dags-schwalbach.de\/index.php?rest_route=%2Fwp%2Fv2%2Fmedia&parent=683"}],"wp:term":[{"taxonomy":"category","embeddable":true,"href":"https:\/\/dags-schwalbach.de\/index.php?rest_route=%2Fwp%2Fv2%2Fcategories&post=683"},{"taxonomy":"post_tag","embeddable":true,"href":"https:\/\/dags-schwalbach.de\/index.php?rest_route=%2Fwp%2Fv2%2Ftags&post=683"}],"curies":[{"name":"wp","href":"https:\/\/api.w.org\/{rel}","templated":true}]}}