{"id":699,"date":"2025-03-16T22:39:27","date_gmt":"2025-03-16T22:39:27","guid":{"rendered":"https:\/\/dags-schwalbach.de\/?p=699"},"modified":"2025-03-18T22:40:36","modified_gmt":"2025-03-18T22:40:36","slug":"nicht-vergessen-dienstag-18-3-1900-uhr-mitgliederversammlung-r-7-8","status":"publish","type":"post","link":"https:\/\/dags-schwalbach.de\/?p=699","title":{"rendered":"Nicht vergessen: Dienstag, 18.3., 19:00 Uhr Mitgliederversammlung (R. 7\/8)"},"content":{"rendered":"\n<p><strong>Nicht vergessen: Dienstag, 18.3., 19:00 Uhr Mitgliederversammlung (R. 7\/8)<\/strong><\/p>\n\n\n\n<p><\/p>\n\n\n\n<figure class=\"wp-block-image size-full is-resized\"><img loading=\"lazy\" decoding=\"async\" width=\"737\" height=\"324\" src=\"https:\/\/dags-schwalbach.de\/wp-content\/uploads\/2024\/01\/cropped-DAGS35Jahre-1.jpg\" alt=\"\" class=\"wp-image-606\" style=\"width:840px;height:auto\" srcset=\"https:\/\/dags-schwalbach.de\/wp-content\/uploads\/2024\/01\/cropped-DAGS35Jahre-1.jpg 737w, https:\/\/dags-schwalbach.de\/wp-content\/uploads\/2024\/01\/cropped-DAGS35Jahre-1-300x132.jpg 300w\" sizes=\"auto, (max-width: 737px) 100vw, 737px\" \/><\/figure>\n\n\n\n<p>Der Vorsitzende sowie der Kassenwart werden kurz berichten und k\u00f6nnen befragt werden. Die Kassenpr\u00fcfer berichten und k\u00f6nnen ebenfalls befragt werden. Nach der Entlastung des Vorstands beginnen die Neuwahlen. Alle f\u00fcnf stimmberechtigten Vorstandsmitglieder werden neu gew\u00e4hlt \u2013 f\u00fcr zwei \u00c4mter kandidieren Mitglieder zum ersten Mal.<\/p>\n\n\n\n<p>Die weiteren Themen k\u00f6nnen der Einladung vom 15.2. entnommen werden, die beigef\u00fcgt ist.<\/p>\n\n\n\n<p>Bitte kommen Sie in m\u00f6glichst gro\u00dfer Zahl und diskutieren Sie mit!<\/p>\n","protected":false},"excerpt":{"rendered":"<p>Nicht vergessen: Dienstag, 18.3., 19:00 Uhr Mitgliederversammlung (R. 7\/8) Der Vorsitzende sowie der Kassenwart werden kurz berichten und k\u00f6nnen befragt werden. Die Kassenpr\u00fcfer berichten und k\u00f6nnen ebenfalls befragt werden. Nach der Entlastung des Vorstands beginnen die Neuwahlen. Alle f\u00fcnf stimmberechtigten Vorstandsmitglieder werden neu gew\u00e4hlt \u2013 f\u00fcr zwei \u00c4mter kandidieren Mitglieder zum ersten Mal. Die weiteren [&hellip;]<\/p>\n","protected":false},"author":1,"featured_media":610,"comment_status":"open","ping_status":"open","sticky":false,"template":"","format":"standard","meta":{"footnotes":""},"categories":[13,1,18],"tags":[40],"class_list":["post-699","post","type-post","status-publish","format-standard","has-post-thumbnail","hentry","category-aktuelles","category-start","category-termine","tag-mitgliederversammlung"],"_links":{"self":[{"href":"https:\/\/dags-schwalbach.de\/index.php?rest_route=\/wp\/v2\/posts\/699","targetHints":{"allow":["GET"]}}],"collection":[{"href":"https:\/\/dags-schwalbach.de\/index.php?rest_route=\/wp\/v2\/posts"}],"about":[{"href":"https:\/\/dags-schwalbach.de\/index.php?rest_route=\/wp\/v2\/types\/post"}],"author":[{"embeddable":true,"href":"https:\/\/dags-schwalbach.de\/index.php?rest_route=\/wp\/v2\/users\/1"}],"replies":[{"embeddable":true,"href":"https:\/\/dags-schwalbach.de\/index.php?rest_route=%2Fwp%2Fv2%2Fcomments&post=699"}],"version-history":[{"count":2,"href":"https:\/\/dags-schwalbach.de\/index.php?rest_route=\/wp\/v2\/posts\/699\/revisions"}],"predecessor-version":[{"id":701,"href":"https:\/\/dags-schwalbach.de\/index.php?rest_route=\/wp\/v2\/posts\/699\/revisions\/701"}],"wp:featuredmedia":[{"embeddable":true,"href":"https:\/\/dags-schwalbach.de\/index.php?rest_route=\/wp\/v2\/media\/610"}],"wp:attachment":[{"href":"https:\/\/dags-schwalbach.de\/index.php?rest_route=%2Fwp%2Fv2%2Fmedia&parent=699"}],"wp:term":[{"taxonomy":"category","embeddable":true,"href":"https:\/\/dags-schwalbach.de\/index.php?rest_route=%2Fwp%2Fv2%2Fcategories&post=699"},{"taxonomy":"post_tag","embeddable":true,"href":"https:\/\/dags-schwalbach.de\/index.php?rest_route=%2Fwp%2Fv2%2Ftags&post=699"}],"curies":[{"name":"wp","href":"https:\/\/api.w.org\/{rel}","templated":true}]}}