{"id":706,"date":"2025-03-15T22:44:46","date_gmt":"2025-03-15T22:44:46","guid":{"rendered":"https:\/\/dags-schwalbach.de\/?p=706"},"modified":"2025-03-18T22:45:31","modified_gmt":"2025-03-18T22:45:31","slug":"dags-infobrief-163-anlage-1-vom-15-3-2025-termine","status":"publish","type":"post","link":"https:\/\/dags-schwalbach.de\/?p=706","title":{"rendered":"DAGS-Infobrief 163 -Anlage 1- vom 15.3.2025 \/ TERMINE"},"content":{"rendered":"\n<figure class=\"wp-block-image size-full is-resized\"><img loading=\"lazy\" decoding=\"async\" width=\"737\" height=\"324\" src=\"https:\/\/dags-schwalbach.de\/wp-content\/uploads\/2024\/01\/cropped-cropped-DAGS35Jahre-1.jpg\" alt=\"\" class=\"wp-image-610\" style=\"width:840px;height:auto\" srcset=\"https:\/\/dags-schwalbach.de\/wp-content\/uploads\/2024\/01\/cropped-cropped-DAGS35Jahre-1.jpg 737w, https:\/\/dags-schwalbach.de\/wp-content\/uploads\/2024\/01\/cropped-cropped-DAGS35Jahre-1-300x132.jpg 300w\" sizes=\"auto, (max-width: 737px) 100vw, 737px\" \/><\/figure>\n\n\n\n<p><\/p>\n\n\n\n<p><strong>2. H\u00e4lfte M\u00e4rz \/ April &nbsp;&nbsp;2025<\/strong><\/p>\n\n\n\n<p><strong>Di, 18. M\u00e4rz, 19.00 Uhr, Raum 7\/8 (bitte die kurzfristige Verlegung beachten)&nbsp;&nbsp;&nbsp;&nbsp;&nbsp;&nbsp;&nbsp;&nbsp;&nbsp;&nbsp;&nbsp;&nbsp;&nbsp;&nbsp;&nbsp;&nbsp;&nbsp;&nbsp;&nbsp;<\/strong><\/p>\n\n\n\n<p><strong>DAGS-Jahreshauptversammlung.<\/strong><\/p>\n\n\n\n<p><strong>Alle Mitglieder werden gebeten, bereits gegen 18:45 einzutreffen, damit die vorgeschriebenen Formalit\u00e4ten rasch erledigt sind und die Sitzung um 19 Uhr er\u00f6ffnet werden kann.<\/strong><\/p>\n\n\n\n<h5 class=\"wp-block-heading\">Mi, 19. M\u00e4rz, 19 \u2013 21 Uhr <a href=\"https:\/\/www.schwalbach.de\/Freizeit-und-Kultur\/Veranstaltungen-4\/Veranstaltungskalender.htm\/Veranstaltungen\/Informationsveranstaltung-zum-neuen-Einbuergerungsrecht.html?\">Informationsveranstaltung zum neuen Einb\u00fcrgerungsrecht<\/a><\/h5>\n\n\n\n<p>B\u00fcrgerhaus Schwalbach, Gro\u00dfer Saal<\/p>\n\n\n\n<p>Interessierte Schwalbacherinnen und Schwalbacher sind herzlich eingeladen, sich \u00fcber die aktuellen \u00c4nderungen und Neuerungen im Einb\u00fcrgerungsrecht zu informieren.<\/p>\n\n\n\n<p><em>Veranstalter: Stadt Schwalbach \u2013 Bitte Fl\u00fcchtlinge, Sprachkurssch\u00fcler usw. darauf hinweisen.<\/em><\/p>\n\n\n\n<p><strong>Do, 20. M\u00e4rz, 18.00 Uhr, Raum 1&nbsp;&nbsp; Tanzkurs<\/strong><\/p>\n\n\n\n<p><strong>Ausstellung im Foyer des B\u00fcrgerhauses, zu besichtigen w\u00e4hrend der \u00d6ffnungszeiten des Rathauses:<\/strong><\/p>\n\n\n\n<p><a href=\"https:\/\/www.schwalbach.de\/Freizeit-und-Kultur\/Veranstaltungen-4\/Veranstaltungskalender.htm\/Veranstaltungen\/Meine-juedischen-Eltern-meine-polnischen-Eltern.html?\"><strong>&#8220;Meine j\u00fcdischen Eltern, meine polnischen Eltern&#8221;<\/strong><\/a><\/p>\n\n\n\n<p>Die Ausstellung der Assoziation \u201eKinder des Holocaust\u201c Polen mit Unterst\u00fctzung des B\u00fcros der Rosa-Luxemburg-Stiftung in Warschau erz\u00e4hlt die Geschichte von 15 Kindern, die zwischen 1939 und 1942 geboren und von polnischen Familien gerettet wurden.<\/p>\n\n\n\n<p>Eine Veranstaltung der Gesellschaft f\u00fcr Christlich-J\u00fcdische Zusammenarbeit (CJZ) <strong>\u2013 bis Ende M\u00e4rz.<\/strong><\/p>\n\n\n\n<p><strong>Sa 29. M\u00e4rz 2025<\/strong>&nbsp;&nbsp; <a href=\"https:\/\/www.schwalbach.de\/Freizeit-und-Kultur\/Veranstaltungen-4\/Veranstaltungskalender.htm\/Veranstaltungen\/Besuch-mit-Fuehrung-Gedenkstaette-Horvath-Zentrum.html?\"><strong>Besuch mit F\u00fchrung: Gedenkst\u00e4tte Horv\u00e1th-Zentrum<\/strong><\/a><\/p>\n\n\n\n<p>Die Gedenkst\u00e4tte der Margit-Horv\u00e1th-Stiftung, Familie-J\u00fcrges-Weg 1, 64546 M\u00f6rfelden-Walldorf erinnert an das Schicksal von 1700 J\u00fcdinnen, die 1944 aus Auschwitz nach Walldorf gebracht wurden, um betonierte Rollbahnen f\u00fcr den Flughafen zu bauen.<\/p>\n\n\n\n<p><strong>Eine Veranstaltung des Frauentreffs<\/strong><\/p>\n\n\n\n<p><strong>Treffpunkt und Uhrzeit der Abfahrt, die Bildung von Fahrgemeinschaften usw. werden in K\u00fcrze im Veranstaltungskalender der Stadt Schwalbach bekanntgegeben.<\/strong><\/p>\n\n\n\n<p><strong>Di, 15. April, 19:30 Uhr Raum 1&nbsp;&nbsp;&nbsp; DAGS-Treff<\/strong><\/p>\n\n\n\n<p><strong>Do, 17. April, 18.00 Uhr, Raum 1 &nbsp; Tanzkurs<\/strong><\/p>\n","protected":false},"excerpt":{"rendered":"<p>2. H\u00e4lfte M\u00e4rz \/ April &nbsp;&nbsp;2025 Di, 18. M\u00e4rz, 19.00 Uhr, Raum 7\/8 (bitte die kurzfristige Verlegung beachten)&nbsp;&nbsp;&nbsp;&nbsp;&nbsp;&nbsp;&nbsp;&nbsp;&nbsp;&nbsp;&nbsp;&nbsp;&nbsp;&nbsp;&nbsp;&nbsp;&nbsp;&nbsp;&nbsp; DAGS-Jahreshauptversammlung. Alle Mitglieder werden gebeten, bereits gegen 18:45 einzutreffen, damit die vorgeschriebenen Formalit\u00e4ten rasch erledigt sind und die Sitzung um 19 Uhr er\u00f6ffnet werden kann. Mi, 19. M\u00e4rz, 19 \u2013 21 Uhr Informationsveranstaltung zum neuen Einb\u00fcrgerungsrecht B\u00fcrgerhaus [&hellip;]<\/p>\n","protected":false},"author":1,"featured_media":610,"comment_status":"open","ping_status":"open","sticky":false,"template":"","format":"standard","meta":{"footnotes":""},"categories":[13,1,18],"tags":[],"class_list":["post-706","post","type-post","status-publish","format-standard","has-post-thumbnail","hentry","category-aktuelles","category-start","category-termine"],"_links":{"self":[{"href":"https:\/\/dags-schwalbach.de\/index.php?rest_route=\/wp\/v2\/posts\/706","targetHints":{"allow":["GET"]}}],"collection":[{"href":"https:\/\/dags-schwalbach.de\/index.php?rest_route=\/wp\/v2\/posts"}],"about":[{"href":"https:\/\/dags-schwalbach.de\/index.php?rest_route=\/wp\/v2\/types\/post"}],"author":[{"embeddable":true,"href":"https:\/\/dags-schwalbach.de\/index.php?rest_route=\/wp\/v2\/users\/1"}],"replies":[{"embeddable":true,"href":"https:\/\/dags-schwalbach.de\/index.php?rest_route=%2Fwp%2Fv2%2Fcomments&post=706"}],"version-history":[{"count":1,"href":"https:\/\/dags-schwalbach.de\/index.php?rest_route=\/wp\/v2\/posts\/706\/revisions"}],"predecessor-version":[{"id":707,"href":"https:\/\/dags-schwalbach.de\/index.php?rest_route=\/wp\/v2\/posts\/706\/revisions\/707"}],"wp:featuredmedia":[{"embeddable":true,"href":"https:\/\/dags-schwalbach.de\/index.php?rest_route=\/wp\/v2\/media\/610"}],"wp:attachment":[{"href":"https:\/\/dags-schwalbach.de\/index.php?rest_route=%2Fwp%2Fv2%2Fmedia&parent=706"}],"wp:term":[{"taxonomy":"category","embeddable":true,"href":"https:\/\/dags-schwalbach.de\/index.php?rest_route=%2Fwp%2Fv2%2Fcategories&post=706"},{"taxonomy":"post_tag","embeddable":true,"href":"https:\/\/dags-schwalbach.de\/index.php?rest_route=%2Fwp%2Fv2%2Ftags&post=706"}],"curies":[{"name":"wp","href":"https:\/\/api.w.org\/{rel}","templated":true}]}}