{"id":718,"date":"2025-04-12T12:27:42","date_gmt":"2025-04-12T12:27:42","guid":{"rendered":"https:\/\/dags-schwalbach.de\/?p=718"},"modified":"2025-04-17T12:29:57","modified_gmt":"2025-04-17T12:29:57","slug":"das-horvath-zentrum-in-walldorf-erinnert-an-ehemaliges-kz-aussenlager","status":"publish","type":"post","link":"https:\/\/dags-schwalbach.de\/?p=718","title":{"rendered":"Das Horv\u00e1th-Zentrum in Walldorf erinnert an ehemaliges KZ-Au\u00dfenlager"},"content":{"rendered":"\n<p><strong><strong>Das Horv\u00e1th-Zentrum in Walldorf erinnert an ehemaliges KZ-Au\u00dfenlager<\/strong><\/strong><\/p>\n\n\n\n<figure class=\"wp-block-image size-large\"><img loading=\"lazy\" decoding=\"async\" width=\"1024\" height=\"694\" src=\"https:\/\/dags-schwalbach.de\/wp-content\/uploads\/2025\/04\/rollbahn01-1024x694.jpg\" alt=\"\" class=\"wp-image-719\" srcset=\"https:\/\/dags-schwalbach.de\/wp-content\/uploads\/2025\/04\/rollbahn01-1024x694.jpg 1024w, https:\/\/dags-schwalbach.de\/wp-content\/uploads\/2025\/04\/rollbahn01-300x203.jpg 300w, https:\/\/dags-schwalbach.de\/wp-content\/uploads\/2025\/04\/rollbahn01-768x520.jpg 768w, https:\/\/dags-schwalbach.de\/wp-content\/uploads\/2025\/04\/rollbahn01-1536x1041.jpg 1536w, https:\/\/dags-schwalbach.de\/wp-content\/uploads\/2025\/04\/rollbahn01-2048x1388.jpg 2048w\" sizes=\"auto, (max-width: 1024px) 100vw, 1024px\" \/><\/figure>\n\n\n\n<p>Teile einer unter einer d\u00fcnnen Schicht Waldboden ausgegrabenen Baracke lassen erahnen, wie schrecklich \u2013 und oft t\u00f6dlich \u2013 das Leben von 1700 ungarischen J\u00fcdinnen im Jahr 1944 gewesen sein muss. Im S\u00fcden des Flughafengel\u00e4ndes waren die Frauen (zum Teil noch Teenager) gezwungen worden, die erste betonierte Start- und Landepiste in Deutschland zu bauen. In d\u00fcnner Sommerbekleidung und zum Teil barfu\u00df!<\/p>\n\n\n\n<figure class=\"wp-block-image size-full is-resized\"><img loading=\"lazy\" decoding=\"async\" width=\"671\" height=\"503\" src=\"https:\/\/dags-schwalbach.de\/wp-content\/uploads\/2025\/04\/rollbahn02.jpg\" alt=\"\" class=\"wp-image-721\" style=\"width:783px;height:auto\" srcset=\"https:\/\/dags-schwalbach.de\/wp-content\/uploads\/2025\/04\/rollbahn02.jpg 671w, https:\/\/dags-schwalbach.de\/wp-content\/uploads\/2025\/04\/rollbahn02-300x225.jpg 300w\" sizes=\"auto, (max-width: 671px) 100vw, 671px\" \/><\/figure>\n\n\n\n<p>Es dauerte fast bis in die 1990er Jahre, dass Sch\u00fclerinnen und Sch\u00fcler der IGS M\u00f6rfelden-Walldorf Schwung in die Aufarbeitung dieses dunklen Kapitels der deutschen Geschichte brachten.<\/p>\n\n\n\n<p>Heute gibt es einen Lehrpfad und ein architektonisch sehr eindrucksvolles Tagungshaus, in dem am 29.3. eine Gruppe aus dem MTK (CJZ, Fraueninitiative, DAGS und andere) sich mit diesem besch\u00e4menden aber heute leider wieder sehr aktuellen Beispiel faschistischen Alltags besch\u00e4ftigten.<\/p>\n\n\n\n<p><\/p>\n\n\n\n<figure class=\"wp-block-image size-full is-resized\"><img loading=\"lazy\" decoding=\"async\" width=\"765\" height=\"470\" src=\"https:\/\/dags-schwalbach.de\/wp-content\/uploads\/2025\/04\/rollbahn03.jpg\" alt=\"\" class=\"wp-image-720\" style=\"width:840px;height:auto\" srcset=\"https:\/\/dags-schwalbach.de\/wp-content\/uploads\/2025\/04\/rollbahn03.jpg 765w, https:\/\/dags-schwalbach.de\/wp-content\/uploads\/2025\/04\/rollbahn03-300x184.jpg 300w\" sizes=\"auto, (max-width: 765px) 100vw, 765px\" \/><\/figure>\n\n\n\n<p><\/p>\n\n\n\n<p>Dieser Besuch erg\u00e4nzte den bereits im Januar 2025 im B\u00fcrgerhaus vorgef\u00fchrten Dokumentationsfilm mit dem Titel \u201eDie Rollbahn\u201c.<\/p>\n\n\n\n<p>Die \u00d6ffnungszeiten des&nbsp; Dokumentationszentrums bitte dem Internet entnehmen \u2013 unsere sehr kompetente Expertin des Tr\u00e4gervereins der Gedenkst\u00e4tte hat unserer Gruppe zu einem unvergesslichen Erlebnis verholfen.<\/p>\n","protected":false},"excerpt":{"rendered":"<p>Das Horv\u00e1th-Zentrum in Walldorf erinnert an ehemaliges KZ-Au\u00dfenlager Teile einer unter einer d\u00fcnnen Schicht Waldboden ausgegrabenen Baracke lassen erahnen, wie schrecklich \u2013 und oft t\u00f6dlich \u2013 das Leben von 1700 ungarischen J\u00fcdinnen im Jahr 1944 gewesen sein muss. Im S\u00fcden des Flughafengel\u00e4ndes waren die Frauen (zum Teil noch Teenager) gezwungen worden, die erste betonierte Start- [&hellip;]<\/p>\n","protected":false},"author":1,"featured_media":720,"comment_status":"open","ping_status":"open","sticky":false,"template":"","format":"standard","meta":{"footnotes":""},"categories":[13,1,5],"tags":[42,41],"class_list":["post-718","post","type-post","status-publish","format-standard","has-post-thumbnail","hentry","category-aktuelles","category-start","category-veranstaltungen","tag-ehemaliges-kz-aussenlager","tag-horvath-zentrum-in-walldorf"],"_links":{"self":[{"href":"https:\/\/dags-schwalbach.de\/index.php?rest_route=\/wp\/v2\/posts\/718","targetHints":{"allow":["GET"]}}],"collection":[{"href":"https:\/\/dags-schwalbach.de\/index.php?rest_route=\/wp\/v2\/posts"}],"about":[{"href":"https:\/\/dags-schwalbach.de\/index.php?rest_route=\/wp\/v2\/types\/post"}],"author":[{"embeddable":true,"href":"https:\/\/dags-schwalbach.de\/index.php?rest_route=\/wp\/v2\/users\/1"}],"replies":[{"embeddable":true,"href":"https:\/\/dags-schwalbach.de\/index.php?rest_route=%2Fwp%2Fv2%2Fcomments&post=718"}],"version-history":[{"count":1,"href":"https:\/\/dags-schwalbach.de\/index.php?rest_route=\/wp\/v2\/posts\/718\/revisions"}],"predecessor-version":[{"id":722,"href":"https:\/\/dags-schwalbach.de\/index.php?rest_route=\/wp\/v2\/posts\/718\/revisions\/722"}],"wp:featuredmedia":[{"embeddable":true,"href":"https:\/\/dags-schwalbach.de\/index.php?rest_route=\/wp\/v2\/media\/720"}],"wp:attachment":[{"href":"https:\/\/dags-schwalbach.de\/index.php?rest_route=%2Fwp%2Fv2%2Fmedia&parent=718"}],"wp:term":[{"taxonomy":"category","embeddable":true,"href":"https:\/\/dags-schwalbach.de\/index.php?rest_route=%2Fwp%2Fv2%2Fcategories&post=718"},{"taxonomy":"post_tag","embeddable":true,"href":"https:\/\/dags-schwalbach.de\/index.php?rest_route=%2Fwp%2Fv2%2Ftags&post=718"}],"curies":[{"name":"wp","href":"https:\/\/api.w.org\/{rel}","templated":true}]}}