{"id":782,"date":"2025-10-19T21:00:00","date_gmt":"2025-10-19T21:00:00","guid":{"rendered":"https:\/\/dags-schwalbach.de\/?p=782"},"modified":"2025-10-22T20:32:58","modified_gmt":"2025-10-22T20:32:58","slug":"interkulturelles-marktplatzfest-rekordzahl-an-besuchern-und-gruppen","status":"publish","type":"post","link":"https:\/\/dags-schwalbach.de\/?p=782","title":{"rendered":"Interkulturelles Marktplatzfest: Rekordzahl an Besuchern und Gruppen"},"content":{"rendered":"\n<p><strong>Interkulturelles Marktplatzfest: Rekordzahl an Besuchern und Gruppen<\/strong><\/p>\n\n\n\n<p><\/p>\n\n\n\n<figure class=\"wp-block-image size-full is-resized\"><img loading=\"lazy\" decoding=\"async\" width=\"689\" height=\"430\" src=\"https:\/\/dags-schwalbach.de\/wp-content\/uploads\/2025\/10\/dags-02.jpg\" alt=\"\" class=\"wp-image-784\" style=\"width:840px;height:auto\" srcset=\"https:\/\/dags-schwalbach.de\/wp-content\/uploads\/2025\/10\/dags-02.jpg 689w, https:\/\/dags-schwalbach.de\/wp-content\/uploads\/2025\/10\/dags-02-300x187.jpg 300w\" sizes=\"auto, (max-width: 689px) 100vw, 689px\" \/><\/figure>\n\n\n\n<p>Viele Stunden ehrenamtliche Arbeit von Vereinen, Privatpersonen in Verbindung mit Unter-<br>st\u00fctzung durch die Stadt Schwalbach, den Kulturkreis sowie Gesch\u00e4ften wurden von mehre-<br>ren Tausend Zuschauern am 7. September vom oberen bis zum unteren Teil des Schwalbacher<br>Zentrums belohnt: Die sch\u00f6nsten Seiten interkultureller Vielfalt wurden \u2013 wie in den Vorjah-<br>ren \u2013 sichtbar, h\u00f6rbar und auch essbar. Die Deutsch-Ausl\u00e4ndische Gemeinschaft Schwalbach<br>war f\u00fcr das B\u00fchnenprogramm und die internationalen kulinarischen Spezialit\u00e4ten verantwort-<br>lich und bot in der \u201eDAGS-Ecke\u201c neben Getr\u00e4nken auch Raum und Zeit f\u00fcr Gespr\u00e4che \u00fcber<br>Toleranz und Vielfalt in diesen schwierigen politischen Zeiten. In der Presse wurde ausf\u00fchr-<br>lich berichtet.<\/p>\n\n\n\n<figure class=\"wp-block-image size-full is-resized\"><img loading=\"lazy\" decoding=\"async\" width=\"806\" height=\"606\" src=\"https:\/\/dags-schwalbach.de\/wp-content\/uploads\/2025\/10\/dags-01.jpg\" alt=\"\" class=\"wp-image-783\" style=\"width:840px;height:auto\" srcset=\"https:\/\/dags-schwalbach.de\/wp-content\/uploads\/2025\/10\/dags-01.jpg 806w, https:\/\/dags-schwalbach.de\/wp-content\/uploads\/2025\/10\/dags-01-300x226.jpg 300w, https:\/\/dags-schwalbach.de\/wp-content\/uploads\/2025\/10\/dags-01-768x577.jpg 768w\" sizes=\"auto, (max-width: 806px) 100vw, 806px\" \/><\/figure>\n\n\n\n<p>Was ist ein GER?<br>F\u00fcr DAGS-Vorstandsmitglied Tumi<br>Bayansan, in der Mongolei geboren, wird der<\/p>\n\n\n\n<ol start=\"18\" class=\"wp-block-list\">\n<li>Oktober 2025 in besonderer Erinnerung bleiben: Der von ihr, ihrem Mann und vielen Freunden aufgebaute GER (mongolische Jurte) wurde in Anwesenheit von DAGS-Freunden und vielen Freunden aus der mongolischen Diaspora \u201egesegnet\u201c. Mongolische Spezialit\u00e4ten und Musik mit Gesang auf der zwei-saitigen \u201ePferdekopfgeige\u201c bildeten den H\u00f6hepunkt des Treffens.<\/li>\n<\/ol>\n\n\n\n<p><\/p>\n\n\n\n<p><\/p>\n\n\n\n<p><\/p>\n\n\n\n<p><strong>Mongolische Jurte<\/strong><\/p>\n\n\n\n<figure class=\"wp-block-image size-large\"><img loading=\"lazy\" decoding=\"async\" width=\"1024\" height=\"768\" src=\"https:\/\/dags-schwalbach.de\/wp-content\/uploads\/2025\/10\/dags-03-1024x768.jpg\" alt=\"\" class=\"wp-image-785\" srcset=\"https:\/\/dags-schwalbach.de\/wp-content\/uploads\/2025\/10\/dags-03-1024x768.jpg 1024w, https:\/\/dags-schwalbach.de\/wp-content\/uploads\/2025\/10\/dags-03-300x225.jpg 300w, https:\/\/dags-schwalbach.de\/wp-content\/uploads\/2025\/10\/dags-03-768x576.jpg 768w, https:\/\/dags-schwalbach.de\/wp-content\/uploads\/2025\/10\/dags-03.jpg 1314w\" sizes=\"auto, (max-width: 1024px) 100vw, 1024px\" \/><\/figure>\n\n\n\n<p><br>Der Holzrahmen einer mongolischen Jurte (ger) besteht in der Regel aus mehreren,<br>meist vier oder f\u00fcnf schulterhohen Scherengittern f\u00fcr die Wand, die auseinanderge-<br>zogen, aneinander gebunden und zusammen mit dem immer nach S\u00fcden weisenden<br>T\u00fcrrahmen im Kreis aufgestellt werden. In der Mitte tragen zwei etwa zwei bis drei<br>Meter hohe Pfosten die \u201eKrone\u201c, einen runden Dachkranz. In \u00d6ffnungen am Rand<br>der Krone werden gerade Dachstangen gesteckt und mit dem Wandgitter verbunden.<br>Die Dachstangen haben in der Regel eine Neigung von etwa 30\u00b0. In den T\u00fcrrahmen<br>wird eine feste, h\u00f6lzerne T\u00fcr eingesetzt anstelle des ehemals \u00fcblichen Filzvorhangs.<br>Fr\u00fcher wurde dieses Ger\u00fcst auf den Steppenboden gestellt, heute steht es oft auf<br>einem runden Bretterboden. Die Jurte ist nicht mit dem Boden verankert und auch<br>nicht mit Zeltschn\u00fcren und Heringen befestigt. (Quelle: de.wikipedia.de)<br>In vielen L\u00e4ndern der Welt sind LACH- UND ATEM\u00dcBUNGEN schon sehr popul\u00e4r.<br>DAGS-Mitglieder haben bereits auch einige Kostproben von der Trainerin Juan Juan St\u00fcbe<br>gezeigt bekommen. Bekanntlich \u201esteckt Lachen an\u201c \u2013 und l\u00f6st viele Spannungen.<\/p>\n\n\n\n<p><br>Kommen Sie doch einfach mal vorbei \u2013 die Zeiten finden Sie im Terminkalender.<br><\/p>\n\n\n\n<p>Alles Gute,<br><\/p>\n\n\n\n<p>Wilfried H\u00fclsemann<\/p>\n","protected":false},"excerpt":{"rendered":"<p>Interkulturelles Marktplatzfest: Rekordzahl an Besuchern und Gruppen Viele Stunden ehrenamtliche Arbeit von Vereinen, Privatpersonen in Verbindung mit Unter-st\u00fctzung durch die Stadt Schwalbach, den Kulturkreis sowie Gesch\u00e4ften wurden von mehre-ren Tausend Zuschauern am 7. September vom oberen bis zum unteren Teil des SchwalbacherZentrums belohnt: Die sch\u00f6nsten Seiten interkultureller Vielfalt wurden \u2013 wie in den Vorjah-ren \u2013 [&hellip;]<\/p>\n","protected":false},"author":1,"featured_media":784,"comment_status":"open","ping_status":"open","sticky":false,"template":"","format":"standard","meta":{"footnotes":""},"categories":[13,5],"tags":[14],"class_list":["post-782","post","type-post","status-publish","format-standard","has-post-thumbnail","hentry","category-aktuelles","category-veranstaltungen","tag-dags"],"_links":{"self":[{"href":"https:\/\/dags-schwalbach.de\/index.php?rest_route=\/wp\/v2\/posts\/782","targetHints":{"allow":["GET"]}}],"collection":[{"href":"https:\/\/dags-schwalbach.de\/index.php?rest_route=\/wp\/v2\/posts"}],"about":[{"href":"https:\/\/dags-schwalbach.de\/index.php?rest_route=\/wp\/v2\/types\/post"}],"author":[{"embeddable":true,"href":"https:\/\/dags-schwalbach.de\/index.php?rest_route=\/wp\/v2\/users\/1"}],"replies":[{"embeddable":true,"href":"https:\/\/dags-schwalbach.de\/index.php?rest_route=%2Fwp%2Fv2%2Fcomments&post=782"}],"version-history":[{"count":1,"href":"https:\/\/dags-schwalbach.de\/index.php?rest_route=\/wp\/v2\/posts\/782\/revisions"}],"predecessor-version":[{"id":786,"href":"https:\/\/dags-schwalbach.de\/index.php?rest_route=\/wp\/v2\/posts\/782\/revisions\/786"}],"wp:featuredmedia":[{"embeddable":true,"href":"https:\/\/dags-schwalbach.de\/index.php?rest_route=\/wp\/v2\/media\/784"}],"wp:attachment":[{"href":"https:\/\/dags-schwalbach.de\/index.php?rest_route=%2Fwp%2Fv2%2Fmedia&parent=782"}],"wp:term":[{"taxonomy":"category","embeddable":true,"href":"https:\/\/dags-schwalbach.de\/index.php?rest_route=%2Fwp%2Fv2%2Fcategories&post=782"},{"taxonomy":"post_tag","embeddable":true,"href":"https:\/\/dags-schwalbach.de\/index.php?rest_route=%2Fwp%2Fv2%2Ftags&post=782"}],"curies":[{"name":"wp","href":"https:\/\/api.w.org\/{rel}","templated":true}]}}