{"id":788,"date":"2025-11-14T23:37:17","date_gmt":"2025-11-14T23:37:17","guid":{"rendered":"https:\/\/dags-schwalbach.de\/?p=788"},"modified":"2025-12-18T23:38:14","modified_gmt":"2025-12-18T23:38:14","slug":"dags-treff-21-10-2025","status":"publish","type":"post","link":"https:\/\/dags-schwalbach.de\/?p=788","title":{"rendered":"DAGS-Treff 21.10.2025"},"content":{"rendered":"\n<p><\/p>\n\n\n\n<figure class=\"wp-block-image size-full\"><img loading=\"lazy\" decoding=\"async\" width=\"737\" height=\"324\" src=\"https:\/\/dags-schwalbach.de\/wp-content\/uploads\/2024\/01\/cropped-cropped-DAGS35Jahre-1.jpg\" alt=\"\" class=\"wp-image-610\" srcset=\"https:\/\/dags-schwalbach.de\/wp-content\/uploads\/2024\/01\/cropped-cropped-DAGS35Jahre-1.jpg 737w, https:\/\/dags-schwalbach.de\/wp-content\/uploads\/2024\/01\/cropped-cropped-DAGS35Jahre-1-300x132.jpg 300w\" sizes=\"auto, (max-width: 737px) 100vw, 737px\" \/><\/figure>\n\n\n\n<p><\/p>\n\n\n\n<p>Liebe Mitglieder und Freunde,<br>anbei Notizen von den wichtigsten Berichten, Vorschl\u00e4gen und Beschl\u00fcssen.<\/p>\n\n\n\n<p>Tagesordnung sowie Kurzprotokoll vom 21.10.2025 (DAGS-Treff)<\/p>\n\n\n\n<ol class=\"wp-block-list\">\n<li>Begr\u00fc\u00dfung und Vereinsinterna &#8211; DAGS-Infobrief 167 bei allen angekommen?<br>Insgesamt 24 Anwesende. Erika Vogt wird begr\u00fc\u00dft, sie hat einen Aufnahmeantrag gestellt. <br>Zita und J\u00f6rg Simonis, die 20 Jahre aktive DAGS-Mitglieder waren, treten aus gesundheitlichen Gr\u00fcnden Ende des Jahres aus der DAGS aus. Wir w\u00fcnschen Ihnen alles Gute<br><\/li>\n\n\n\n<li>Protokoll vom DAGS-Treff 16.9.2025 (von Ferda) Wird im Vorstand besprochen.<br><\/li>\n\n\n\n<li>R\u00fcckblick auf bisherige Termine Lach- und Atem\u00fcbungen<br>Juan Juan St\u00fcbe freut sich \u00fcber das Interesse. Sie bildet sich kontinuierlich fort und m\u00f6chte den Teilnehmenden auch Lachmeditation anbieten.<br>Termine sind bereits bekanntgegeben. Interessierte k\u00f6nnen jederzeit dazu kommen.<br><\/li>\n\n\n\n<li>Mahnwache am Sonntag, 9.11.2025, 12 Uhr am Kubus. Musikalischer Rahmen: Trompetenlehrer Efim Benevich<br>Kubus dekorieren:<br>Am Samstag, dem 25.10. um 11:00 Uhr.<br>Helfer\/innen: Lothar, Tumi, Brigitte S., Birgit, R\u00f3zsa und Wilfried<br>Schwarze T\u00fccher wurden von der Limesgemeinde bestellt und werden uns zur Verf\u00fcgung gestellt.<br>a. Ordner<br>Hans, Chris, Tumi, Heri, Margit und Lothar haben sich bereit erkl\u00e4rt. Wilfried besorgt silbernes Panzerband damit ggf. Wege f\u00fcr Passanten markiert werden k\u00f6nnen.<br>b. Infobl\u00e4tter verteilen?<br>Thomas hat noch Infobl\u00e4tter, die er aktualisiert und mitbringt.<br>c. Partner: AES &#8212; Pressearbeit<br>AES ist informiert.<br>Wilfried benachrichtigt die Presse.<br>Wegen der angespannten politischen Situation im Nahen Osten wird die Polizei nochmal kontaktiert. Sie war in den vergangenen Jahren auch immer pr\u00e4sent.<br>Jan Frey (Stadtverordnetenvorsteher und Pfarrer) wurde von Wilfried vor l\u00e4ngerer Zeit informiert, er nimmt noch einmal mit ihm Kontakt auf.<br>Abbau der Kubusdekoration: am Montag, 10.11. um 11:00 Uhr<br>Es werden noch Helfer\/innen gesucht.<br><\/li>\n\n\n\n<li>Adventsfeier am Dienstag, 9.12.2025, ab 19 Uhr &#8211; Dekoration<br>Wie immer, Herzhaftes oder S\u00fc\u00dfes f\u00fcr die Adventsfeier mitbringen. Getr\u00e4nke werden gestellt.<br><\/li>\n\n\n\n<li>Silvesterfeier der DAGS findet statt! Anmeldungen werden in der November-Sitzung entgegengenommen, weitere Einzelheiten besprochen.<br><\/li>\n\n\n\n<li>DAGS-Treffs und Tanzkurs-Termine im Jahr 2026 sind best\u00e4tigt<br>Es war nicht m\u00f6glich, bis Ende des Jahres einen Raum f\u00fcr die Vorf\u00fchrung des England-Reisefilms zu bekommen.<br>Vorschlag: Reservierten Raum f\u00fcr regul\u00e4re Sitzung f\u00fcr die Veranstaltung benutzen. Wird mit dem AK-Yarm abgesprochen.<br><\/li>\n\n\n\n<li>Aktivit\u00e4ten zur Kommunalwahl<br>Die CJZ hat den Autor Helmut Ortner f\u00fcr eine Lesung eingeladen, diese findet am 05. M\u00e4rz statt. Anfrage: DAGS als Mitveranstalter mit finanziellem Beitrag. Dies wird im Vorstand besprochen.<br>Vorschlag von Anwesenden: Zum regul\u00e4ren Sitzungstermin der DAGS am 24. Februar beide B\u00fcrgermeisterkandidaten einladen (Lutz Ullrich und Thomas Milkowitsch). Themen einschr\u00e4nken auf Demokratie und Vielfalt, friedliches Miteinander verschiedener Kulturen.<br><\/li>\n\n\n\n<li>Sonstiges<br><\/li>\n\n\n\n<li>N\u00e4chster Stammtischtermin:<br>Mittwoch, 05. November, 19:00 Uhr Pasta La Vista<br><\/li>\n\n\n\n<li>Die Filme und Fotos von Tumis mongolischer GER (Jurte)-Einweihung am 18. Oktober wurden gezeigt und stie\u00dfen auf allgemeine Bewunderung.<br><\/li>\n\n\n\n<li>Wer noch in die WhatsApp-Gruppe der DAGS aufgenommen werden m\u00f6chte, bitte bei R\u00f3zsa und Wilfried melden. Die Erfahrung zeigt, dass dadurch besonders in eiligen Situationen eine unkomplizierte Kommunikation m\u00f6glich ist. Es gibt bei manchen Mitgliedern Bedenken wegen der Speicherung von WhatsApp-Daten.<br><br>Eine E-Mail-Benachrichtigung ist nicht so wirkungsvoll, wenn es um Kurzfristiges geht.<br>Unsere Altersgruppe pr\u00fcft den Emailposteingang nicht jeden Tag.<\/li>\n<\/ol>\n\n\n\n<p>Ende des Treffs 21:35 Uhr<\/p>\n\n\n\n<p>R\u00f3zsa H\u00fclsemann<br>Schriftf\u00fchrerin<\/p>\n","protected":false},"excerpt":{"rendered":"<p>Liebe Mitglieder und Freunde,anbei Notizen von den wichtigsten Berichten, Vorschl\u00e4gen und Beschl\u00fcssen. Tagesordnung sowie Kurzprotokoll vom 21.10.2025 (DAGS-Treff) Ende des Treffs 21:35 Uhr R\u00f3zsa H\u00fclsemannSchriftf\u00fchrerin<\/p>\n","protected":false},"author":1,"featured_media":610,"comment_status":"open","ping_status":"open","sticky":false,"template":"","format":"standard","meta":{"footnotes":""},"categories":[13,1],"tags":[],"class_list":["post-788","post","type-post","status-publish","format-standard","has-post-thumbnail","hentry","category-aktuelles","category-start"],"_links":{"self":[{"href":"https:\/\/dags-schwalbach.de\/index.php?rest_route=\/wp\/v2\/posts\/788","targetHints":{"allow":["GET"]}}],"collection":[{"href":"https:\/\/dags-schwalbach.de\/index.php?rest_route=\/wp\/v2\/posts"}],"about":[{"href":"https:\/\/dags-schwalbach.de\/index.php?rest_route=\/wp\/v2\/types\/post"}],"author":[{"embeddable":true,"href":"https:\/\/dags-schwalbach.de\/index.php?rest_route=\/wp\/v2\/users\/1"}],"replies":[{"embeddable":true,"href":"https:\/\/dags-schwalbach.de\/index.php?rest_route=%2Fwp%2Fv2%2Fcomments&post=788"}],"version-history":[{"count":1,"href":"https:\/\/dags-schwalbach.de\/index.php?rest_route=\/wp\/v2\/posts\/788\/revisions"}],"predecessor-version":[{"id":789,"href":"https:\/\/dags-schwalbach.de\/index.php?rest_route=\/wp\/v2\/posts\/788\/revisions\/789"}],"wp:featuredmedia":[{"embeddable":true,"href":"https:\/\/dags-schwalbach.de\/index.php?rest_route=\/wp\/v2\/media\/610"}],"wp:attachment":[{"href":"https:\/\/dags-schwalbach.de\/index.php?rest_route=%2Fwp%2Fv2%2Fmedia&parent=788"}],"wp:term":[{"taxonomy":"category","embeddable":true,"href":"https:\/\/dags-schwalbach.de\/index.php?rest_route=%2Fwp%2Fv2%2Fcategories&post=788"},{"taxonomy":"post_tag","embeddable":true,"href":"https:\/\/dags-schwalbach.de\/index.php?rest_route=%2Fwp%2Fv2%2Ftags&post=788"}],"curies":[{"name":"wp","href":"https:\/\/api.w.org\/{rel}","templated":true}]}}