{"id":790,"date":"2025-11-12T23:42:32","date_gmt":"2025-11-12T23:42:32","guid":{"rendered":"https:\/\/dags-schwalbach.de\/?p=790"},"modified":"2025-12-18T23:45:45","modified_gmt":"2025-12-18T23:45:45","slug":"schwalbacher-mahnwache-2025","status":"publish","type":"post","link":"https:\/\/dags-schwalbach.de\/?p=790","title":{"rendered":"Schwalbacher Mahnwache 2025"},"content":{"rendered":"\n<p><strong>Warum wir hier stehen<\/strong><\/p>\n\n\n\n<figure class=\"wp-block-image size-full is-resized\"><img loading=\"lazy\" decoding=\"async\" width=\"583\" height=\"782\" src=\"https:\/\/dags-schwalbach.de\/wp-content\/uploads\/2025\/12\/dags-mahnwache.jpg\" alt=\"\" class=\"wp-image-791\" style=\"width:638px;height:auto\" srcset=\"https:\/\/dags-schwalbach.de\/wp-content\/uploads\/2025\/12\/dags-mahnwache.jpg 583w, https:\/\/dags-schwalbach.de\/wp-content\/uploads\/2025\/12\/dags-mahnwache-224x300.jpg 224w\" sizes=\"auto, (max-width: 583px) 100vw, 583px\" \/><\/figure>\n\n\n\n<p><\/p>\n\n\n\n<p>Schwalbacher Mahnwache 2025<\/p>\n\n\n\n<p>zum Gedenken an Verbrechen w\u00e4hrend der Nazi-Herrschaft in Deutschland und Europa, an Millionen ermordete Juden, Sinti und Roma sowie politisch Andersdenkende<\/p>\n\n\n\n<p>Hier und heute wollen wir erinnern an wichtige Ereignisse vor allem in Deutschland in den Jahren von 1933 bis 1945.<\/p>\n\n\n\n<p>Sofort nach der Machtergreifung der Nazi-Herrscher im Januar 1933 wurden Tausende deutscher Staatsb\u00fcrger j\u00fcdischen Glaubens aus ihren Berufen wie z. B. Richter oder Lehrer entfernt, H\u00e4ndler wurden durch erzwungene Boykotte um ihre Existenz gebracht. 1936 wurden Ehen zwischen Deutschen und Juden verboten bzw. f\u00fcr ung\u00fcltig erkl\u00e4rt.<\/p>\n\n\n\n<p>1937 besetzt Deutschland einen Teil der Tschechoslowakei, 1938 \u00d6sterreich. \u00dcberall werden Juden sofort verfolgt und vertrieben, im Herbst 1938 sind Zehntausende auf der Flucht auch an der deutsch-polnischen Grenze.<\/p>\n\n\n\n<p>Ein 17-j\u00e4hriger, in Paris lebender Fl\u00fcchtling namens Herschel Grynszpan, war so verzweifelt \u00fcber das Schicksal seiner im Grenzgebiet zu Polen leidenden &nbsp;Familie, dass er die Welt auf die Verzweiflung der Juden aufmerksam machen wollte. Am 7.11.1938 ver\u00fcbte er in Paris ein Attentat auf einen deutschen Diplomaten.<\/p>\n\n\n\n<p>Obwohl hinter den Kulissen vom Hitler-Regime schon l\u00e4nger umfassende Angriffe auf Synagogen, j\u00fcdische Gesch\u00e4fte und Tausende von Verhaftungen geplant worden waren, wurde dieses Attentat durch die Propagandamaschinerie der Machthaber als zentrale Begr\u00fcndung eines Pogroms herangezogen. In der Nacht vom 9. auf den 10. November 1938 wurden in ganz Deutschland die Synagogen in Brand gesetzt, Wohnungen und Gesch\u00e4fte von j\u00fcdischen Mitb\u00fcrgern wurden von einem aufgehetzten Mob gepl\u00fcndert und verw\u00fcstet. Die j\u00fcdischen B\u00fcrger wurden dabei in ekelhaftester Weise gedem\u00fctigt und misshandelt und schon damals zu Tausenden in Konzentrationslager verschleppt, in denen viele von ihnen sp\u00e4ter auf grauenhafte Weise ermordet wurden.<\/p>\n\n\n\n<p>Diese Pogromnacht war der grausame Anfang der systematischen Ausgrenzung und Vernichtung der j\u00fcdischen Bev\u00f6lkerung in ganz Europa, die bis zum Ende des zweiten Weltkriegs \u00fcber sechs Millionen Opfer forderte.<\/p>\n\n\n\n<p>Wir stehen hier, weil wir uns wehren wollen gegen die pauschale Abwertung ganzer V\u00f6lker oder Teile der Menschheit, seien es nun Juden oder auch andere. <strong>Wir stehen ein f\u00fcr das friedliche Zusammenleben aller Menschen in unserem Land.<\/strong><\/p>\n\n\n\n<p>Jede(r) kann und sollte selbst &nbsp;dazu beitragen.<\/p>\n\n\n\n<p>V.i.S.d.P.: DAGS (Deutsch-Ausl\u00e4ndische Gemeinschaft Schwalbach)<\/p>\n\n\n\n<p>Homepage: <strong><u>https:\/\/dags-schwalbach.de<\/u><\/strong><\/p>\n","protected":false},"excerpt":{"rendered":"<p>Warum wir hier stehen Schwalbacher Mahnwache 2025 zum Gedenken an Verbrechen w\u00e4hrend der Nazi-Herrschaft in Deutschland und Europa, an Millionen ermordete Juden, Sinti und Roma sowie politisch Andersdenkende Hier und heute wollen wir erinnern an wichtige Ereignisse vor allem in Deutschland in den Jahren von 1933 bis 1945. Sofort nach der Machtergreifung der Nazi-Herrscher im [&hellip;]<\/p>\n","protected":false},"author":1,"featured_media":791,"comment_status":"open","ping_status":"open","sticky":false,"template":"","format":"standard","meta":{"footnotes":""},"categories":[13,1,5],"tags":[14],"class_list":["post-790","post","type-post","status-publish","format-standard","has-post-thumbnail","hentry","category-aktuelles","category-start","category-veranstaltungen","tag-dags"],"_links":{"self":[{"href":"https:\/\/dags-schwalbach.de\/index.php?rest_route=\/wp\/v2\/posts\/790","targetHints":{"allow":["GET"]}}],"collection":[{"href":"https:\/\/dags-schwalbach.de\/index.php?rest_route=\/wp\/v2\/posts"}],"about":[{"href":"https:\/\/dags-schwalbach.de\/index.php?rest_route=\/wp\/v2\/types\/post"}],"author":[{"embeddable":true,"href":"https:\/\/dags-schwalbach.de\/index.php?rest_route=\/wp\/v2\/users\/1"}],"replies":[{"embeddable":true,"href":"https:\/\/dags-schwalbach.de\/index.php?rest_route=%2Fwp%2Fv2%2Fcomments&post=790"}],"version-history":[{"count":1,"href":"https:\/\/dags-schwalbach.de\/index.php?rest_route=\/wp\/v2\/posts\/790\/revisions"}],"predecessor-version":[{"id":792,"href":"https:\/\/dags-schwalbach.de\/index.php?rest_route=\/wp\/v2\/posts\/790\/revisions\/792"}],"wp:featuredmedia":[{"embeddable":true,"href":"https:\/\/dags-schwalbach.de\/index.php?rest_route=\/wp\/v2\/media\/791"}],"wp:attachment":[{"href":"https:\/\/dags-schwalbach.de\/index.php?rest_route=%2Fwp%2Fv2%2Fmedia&parent=790"}],"wp:term":[{"taxonomy":"category","embeddable":true,"href":"https:\/\/dags-schwalbach.de\/index.php?rest_route=%2Fwp%2Fv2%2Fcategories&post=790"},{"taxonomy":"post_tag","embeddable":true,"href":"https:\/\/dags-schwalbach.de\/index.php?rest_route=%2Fwp%2Fv2%2Ftags&post=790"}],"curies":[{"name":"wp","href":"https:\/\/api.w.org\/{rel}","templated":true}]}}