{"id":793,"date":"2025-11-13T23:53:09","date_gmt":"2025-11-13T23:53:09","guid":{"rendered":"https:\/\/dags-schwalbach.de\/?p=793"},"modified":"2025-12-18T23:53:53","modified_gmt":"2025-12-18T23:53:53","slug":"gedenken-an-die-opfer-des-deutschen-faschismus-von-1933-bis-1945-und-an-andere-opfer-von-rassismus","status":"publish","type":"post","link":"https:\/\/dags-schwalbach.de\/?p=793","title":{"rendered":"Gedenken an die Opfer des deutschen Faschismus von 1933 bis 1945 und an andere Opfer von Rassismus"},"content":{"rendered":"\n<p><strong>Gedenken an die Opfer des deutschen Faschismus von 1933 bis 1945 und an andere Opfer von Rassismus<\/strong><\/p>\n\n\n\n<figure class=\"wp-block-image size-large\"><img loading=\"lazy\" decoding=\"async\" width=\"1024\" height=\"314\" src=\"https:\/\/dags-schwalbach.de\/wp-content\/uploads\/2025\/12\/bild1-dags-1024x314.jpg\" alt=\"\" class=\"wp-image-794\" srcset=\"https:\/\/dags-schwalbach.de\/wp-content\/uploads\/2025\/12\/bild1-dags-1024x314.jpg 1024w, https:\/\/dags-schwalbach.de\/wp-content\/uploads\/2025\/12\/bild1-dags-300x92.jpg 300w, https:\/\/dags-schwalbach.de\/wp-content\/uploads\/2025\/12\/bild1-dags-768x235.jpg 768w, https:\/\/dags-schwalbach.de\/wp-content\/uploads\/2025\/12\/bild1-dags.jpg 1149w\" sizes=\"auto, (max-width: 1024px) 100vw, 1024px\" \/><\/figure>\n\n\n\n<p>Am 9. November 2025 trafen sich am Glaskubus im Schwalbacher Limeszentrum rund 100 Menschen zu einer \u201eMahnwache\u201c, um der Opfer des Faschismus in Deutschland in der Pog-romnacht vom 9. auf den 10. November 1938 und sp\u00e4ter sowie aller sonstigen Opfer von Ras-sismus und Gewalt zu gedenken. SA, SS und viele \u201eMenschen von nebenan\u201c trugen damals dazu bei, dass alle Synagogen in Schutt und Asche gelegt wurden, Gesch\u00e4fte zerst\u00f6rt und gepl\u00fcndert und j\u00fcdische Mitb\u00fcrger gedem\u00fctigt, verschleppt und vielfach auch get\u00f6tet wurden.<\/p>\n\n\n\n<figure class=\"wp-block-image size-large\"><img loading=\"lazy\" decoding=\"async\" width=\"1024\" height=\"420\" src=\"https:\/\/dags-schwalbach.de\/wp-content\/uploads\/2025\/12\/bild2-dags-1024x420.jpg\" alt=\"\" class=\"wp-image-795\" srcset=\"https:\/\/dags-schwalbach.de\/wp-content\/uploads\/2025\/12\/bild2-dags-1024x420.jpg 1024w, https:\/\/dags-schwalbach.de\/wp-content\/uploads\/2025\/12\/bild2-dags-300x123.jpg 300w, https:\/\/dags-schwalbach.de\/wp-content\/uploads\/2025\/12\/bild2-dags-768x315.jpg 768w, https:\/\/dags-schwalbach.de\/wp-content\/uploads\/2025\/12\/bild2-dags.jpg 1146w\" sizes=\"auto, (max-width: 1024px) 100vw, 1024px\" \/><\/figure>\n\n\n\n<p><br>Der israelisch-russische Trompeter Efim Benevich er\u00f6ffnete die Versammlung mit Musik von Ravel. DAGS-Vorsitzender Wilfried H\u00fclsemann erinnerte kurz an die Ereignisse, die zu der Gewaltorgie gef\u00fchrt hatten und lud die Anwesenden ein, an das Mikrofon zu treten und eige-ne Gedanken oder passende Berichte vorzutragen.<\/p>\n\n\n\n<figure class=\"wp-block-image size-large\"><img loading=\"lazy\" decoding=\"async\" width=\"1024\" height=\"548\" src=\"https:\/\/dags-schwalbach.de\/wp-content\/uploads\/2025\/12\/bild3-dags-1024x548.jpg\" alt=\"\" class=\"wp-image-796\" srcset=\"https:\/\/dags-schwalbach.de\/wp-content\/uploads\/2025\/12\/bild3-dags-1024x548.jpg 1024w, https:\/\/dags-schwalbach.de\/wp-content\/uploads\/2025\/12\/bild3-dags-300x161.jpg 300w, https:\/\/dags-schwalbach.de\/wp-content\/uploads\/2025\/12\/bild3-dags-768x411.jpg 768w, https:\/\/dags-schwalbach.de\/wp-content\/uploads\/2025\/12\/bild3-dags.jpg 1139w\" sizes=\"auto, (max-width: 1024px) 100vw, 1024px\" \/><\/figure>\n\n\n\n<p><br>Sch\u00fclerinnen und Sch\u00fcler der Albert-Einstein-Schule schilderten, was ihre Kursfahrt nach Auschwitz bei ihnen bewirkt hatte. Fast zwanzig Teilnehmer trugen insgesamt w\u00e4hrend der einst\u00fcndigen Veranstaltung ihre Gedanken vor \u2013 viele der \u00fcbrigen blieben noch nach dem of-fiziellen Ende der Veranstaltung und konnten sich noch in informellen kleinen Gespr\u00e4chs-gruppen einbringen.<br>Zum Abschluss blies Efim Benevich auf seiner Trompete noch einige jiddische Lieder.<\/p>\n\n\n\n<p><\/p>\n\n\n\n<p>Anmerkung: Das H\u00f6chster Kreisblatt und die Schwalbacher Zeitung berichteten auf der Grundlage dieser DAGS-Pressemitteilung am 13.11.2025<\/p>\n","protected":false},"excerpt":{"rendered":"<p>Gedenken an die Opfer des deutschen Faschismus von 1933 bis 1945 und an andere Opfer von Rassismus Am 9. November 2025 trafen sich am Glaskubus im Schwalbacher Limeszentrum rund 100 Menschen zu einer \u201eMahnwache\u201c, um der Opfer des Faschismus in Deutschland in der Pog-romnacht vom 9. auf den 10. November 1938 und sp\u00e4ter sowie aller [&hellip;]<\/p>\n","protected":false},"author":1,"featured_media":794,"comment_status":"open","ping_status":"open","sticky":false,"template":"","format":"standard","meta":{"footnotes":""},"categories":[13,1,5],"tags":[14],"class_list":["post-793","post","type-post","status-publish","format-standard","has-post-thumbnail","hentry","category-aktuelles","category-start","category-veranstaltungen","tag-dags"],"_links":{"self":[{"href":"https:\/\/dags-schwalbach.de\/index.php?rest_route=\/wp\/v2\/posts\/793","targetHints":{"allow":["GET"]}}],"collection":[{"href":"https:\/\/dags-schwalbach.de\/index.php?rest_route=\/wp\/v2\/posts"}],"about":[{"href":"https:\/\/dags-schwalbach.de\/index.php?rest_route=\/wp\/v2\/types\/post"}],"author":[{"embeddable":true,"href":"https:\/\/dags-schwalbach.de\/index.php?rest_route=\/wp\/v2\/users\/1"}],"replies":[{"embeddable":true,"href":"https:\/\/dags-schwalbach.de\/index.php?rest_route=%2Fwp%2Fv2%2Fcomments&post=793"}],"version-history":[{"count":1,"href":"https:\/\/dags-schwalbach.de\/index.php?rest_route=\/wp\/v2\/posts\/793\/revisions"}],"predecessor-version":[{"id":797,"href":"https:\/\/dags-schwalbach.de\/index.php?rest_route=\/wp\/v2\/posts\/793\/revisions\/797"}],"wp:featuredmedia":[{"embeddable":true,"href":"https:\/\/dags-schwalbach.de\/index.php?rest_route=\/wp\/v2\/media\/794"}],"wp:attachment":[{"href":"https:\/\/dags-schwalbach.de\/index.php?rest_route=%2Fwp%2Fv2%2Fmedia&parent=793"}],"wp:term":[{"taxonomy":"category","embeddable":true,"href":"https:\/\/dags-schwalbach.de\/index.php?rest_route=%2Fwp%2Fv2%2Fcategories&post=793"},{"taxonomy":"post_tag","embeddable":true,"href":"https:\/\/dags-schwalbach.de\/index.php?rest_route=%2Fwp%2Fv2%2Ftags&post=793"}],"curies":[{"name":"wp","href":"https:\/\/api.w.org\/{rel}","templated":true}]}}