{"id":807,"date":"2026-01-16T00:03:00","date_gmt":"2026-01-16T00:03:00","guid":{"rendered":"https:\/\/dags-schwalbach.de\/?p=807"},"modified":"2026-01-18T23:27:25","modified_gmt":"2026-01-18T23:27:25","slug":"was-erwartet-uns-nach-dem-schwierigen-jahr-2025","status":"publish","type":"post","link":"https:\/\/dags-schwalbach.de\/?p=807","title":{"rendered":"Was erwartet uns nach dem \u201eschwierigen Jahr 2025\u201c?"},"content":{"rendered":"\n<p><strong><strong>Was erwartet uns nach dem \u201eschwierigen Jahr 2025\u201c?<\/strong><\/strong><br><br><\/p>\n\n\n\n<figure class=\"wp-block-image size-full is-resized\"><img loading=\"lazy\" decoding=\"async\" width=\"327\" height=\"246\" src=\"https:\/\/dags-schwalbach.de\/wp-content\/uploads\/2026\/01\/grafik.png\" alt=\"\" class=\"wp-image-808\" style=\"width:722px;height:auto\" srcset=\"https:\/\/dags-schwalbach.de\/wp-content\/uploads\/2026\/01\/grafik.png 327w, https:\/\/dags-schwalbach.de\/wp-content\/uploads\/2026\/01\/grafik-300x226.png 300w\" sizes=\"auto, (max-width: 327px) 100vw, 327px\" \/><\/figure>\n\n\n\n<p><br>In Hessen in K\u00fcrze die Kommunal- und Kreistagswahlen sowie in vielen Orten Wahlen f\u00fcr die Ausl\u00e4nderbeir\u00e4te. In Schwalbach bewerben sich au\u00dferdem drei Kandidat(inn)en um das B\u00fcrgermeisteramt.<br><\/p>\n\n\n\n<p>Die Deutsch-Ausl\u00e4ndische Gemeinschaft Schwalbach e.V. ist politisch unabh\u00e4ngig. <br><br>Wir hoffen auf die Wahl von zahlreichen Politiker(inn)en, die auch den Zweck unseres Vereins in ih-rem Wirken unterst\u00fctzen: \u201eDer Verein tritt ein f\u00fcr den Gedanken der V\u00f6lkerverst\u00e4ndi-gung sowie f\u00fcr Toleranz in den menschlichen Beziehungen zwischen den deutschen und ausl\u00e4ndischen Mitb\u00fcrgern.\u201c \u2013 Der vollst\u00e4ndige Text der Satzung kann auf unserer Homepa-ge (<a href=\"http:\/\/dags-schwalbach.de\">http:\/\/dags-schwalbach.de<\/a>) nachgelesen werden.<br>Seit 1988 sind wir in vielf\u00e4ltiger Weise aktiv \u2013 am bekanntesten d\u00fcrfte das j\u00e4hrliche \u201eInterkul-turelle Markplatzfest\u201c sein, das jeweils am ersten Sonntag im September stattfindet. Wir ha-ben 120 Mitglieder \u2013 w\u00fcnschen uns aber auch neue Mitglieder jeden Alters.<\/p>\n\n\n\n<figure class=\"wp-block-image size-full is-resized\"><img loading=\"lazy\" decoding=\"async\" width=\"603\" height=\"338\" src=\"https:\/\/dags-schwalbach.de\/wp-content\/uploads\/2026\/01\/grafik-1.png\" alt=\"\" class=\"wp-image-809\" style=\"width:749px;height:auto\" srcset=\"https:\/\/dags-schwalbach.de\/wp-content\/uploads\/2026\/01\/grafik-1.png 603w, https:\/\/dags-schwalbach.de\/wp-content\/uploads\/2026\/01\/grafik-1-300x168.png 300w\" sizes=\"auto, (max-width: 603px) 100vw, 603px\" \/><\/figure>\n\n\n\n<p><br>Rund 20 Aktive treffen sich einmal monatlich, um Veranstaltungen zu planen und vorzubereiten.<br><br>Kommen Sie doch einfach mal vorbei und verschaffen Sie sich einen eigenen Eindruck!<br><br>Alles Gute,<br>Wilfried H\u00fclsemann (Vorsitzender)<\/p>\n\n\n\n<p><br><br><\/p>\n","protected":false},"excerpt":{"rendered":"<p>Was erwartet uns nach dem \u201eschwierigen Jahr 2025\u201c? In Hessen in K\u00fcrze die Kommunal- und Kreistagswahlen sowie in vielen Orten Wahlen f\u00fcr die Ausl\u00e4nderbeir\u00e4te. In Schwalbach bewerben sich au\u00dferdem drei Kandidat(inn)en um das B\u00fcrgermeisteramt. Die Deutsch-Ausl\u00e4ndische Gemeinschaft Schwalbach e.V. ist politisch unabh\u00e4ngig. Wir hoffen auf die Wahl von zahlreichen Politiker(inn)en, die auch den Zweck unseres [&hellip;]<\/p>\n","protected":false},"author":1,"featured_media":809,"comment_status":"open","ping_status":"open","sticky":false,"template":"","format":"standard","meta":{"footnotes":""},"categories":[13,5],"tags":[14],"class_list":["post-807","post","type-post","status-publish","format-standard","has-post-thumbnail","hentry","category-aktuelles","category-veranstaltungen","tag-dags"],"_links":{"self":[{"href":"https:\/\/dags-schwalbach.de\/index.php?rest_route=\/wp\/v2\/posts\/807","targetHints":{"allow":["GET"]}}],"collection":[{"href":"https:\/\/dags-schwalbach.de\/index.php?rest_route=\/wp\/v2\/posts"}],"about":[{"href":"https:\/\/dags-schwalbach.de\/index.php?rest_route=\/wp\/v2\/types\/post"}],"author":[{"embeddable":true,"href":"https:\/\/dags-schwalbach.de\/index.php?rest_route=\/wp\/v2\/users\/1"}],"replies":[{"embeddable":true,"href":"https:\/\/dags-schwalbach.de\/index.php?rest_route=%2Fwp%2Fv2%2Fcomments&post=807"}],"version-history":[{"count":1,"href":"https:\/\/dags-schwalbach.de\/index.php?rest_route=\/wp\/v2\/posts\/807\/revisions"}],"predecessor-version":[{"id":810,"href":"https:\/\/dags-schwalbach.de\/index.php?rest_route=\/wp\/v2\/posts\/807\/revisions\/810"}],"wp:featuredmedia":[{"embeddable":true,"href":"https:\/\/dags-schwalbach.de\/index.php?rest_route=\/wp\/v2\/media\/809"}],"wp:attachment":[{"href":"https:\/\/dags-schwalbach.de\/index.php?rest_route=%2Fwp%2Fv2%2Fmedia&parent=807"}],"wp:term":[{"taxonomy":"category","embeddable":true,"href":"https:\/\/dags-schwalbach.de\/index.php?rest_route=%2Fwp%2Fv2%2Fcategories&post=807"},{"taxonomy":"post_tag","embeddable":true,"href":"https:\/\/dags-schwalbach.de\/index.php?rest_route=%2Fwp%2Fv2%2Ftags&post=807"}],"curies":[{"name":"wp","href":"https:\/\/api.w.org\/{rel}","templated":true}]}}